{"id":354,"date":"2024-04-29T00:00:00","date_gmt":"2024-04-29T07:00:00","guid":{"rendered":"https:\/\/elreporterodelacomunidad.com\/index.php\/2024\/04\/29\/francisco-bueno-es-imputado-por-delitos-sexuales-y-dejado-en-prision-preventiva\/"},"modified":"2024-05-18T21:59:47","modified_gmt":"2024-05-19T04:59:47","slug":"francisco-bueno-es-imputado-por-delitos-sexuales-y-dejado-en-prision-preventiva","status":"publish","type":"post","link":"https:\/\/elreporterodelacomunidad.com\/index.php\/2024\/04\/29\/francisco-bueno-es-imputado-por-delitos-sexuales-y-dejado-en-prision-preventiva\/","title":{"rendered":"Francisco Bueno es imputado por delitos sexuales y dejado en prisi\u00f3n preventiva  &nbsp;"},"content":{"rendered":"<p align=\"center\" style=\"text-align: left; color: rgb(36, 36, 36); font-family: &quot;Segoe UI&quot;, &quot;Segoe UI Web (West European)&quot;, &quot;Segoe UI&quot;, -apple-system, BlinkMacSystemFont, Roboto, &quot;Helvetica Neue&quot;, sans-serif; font-size: 15px; background-color: rgb(255, 255, 255);\">Debido a su probable responsabilidad por los delitos de violaci\u00f3n y violaci\u00f3n equiparada, la Fiscal\u00eda General de Justicia del Estado de Sonora (FGJES) formul\u00f3 imputaci\u00f3n ante el Juez de Control en contra de Francisco \u201cN\u201d, a quien se le impuso la medida cautelar de prisi\u00f3n preventiva justificada por hechos cometidos en perjuicio de una mujer de identidad reservada.<\/p>\n<p style=\"color: rgb(36, 36, 36); font-family: &quot;Segoe UI&quot;, &quot;Segoe UI Web (West European)&quot;, &quot;Segoe UI&quot;, -apple-system, BlinkMacSystemFont, Roboto, &quot;Helvetica Neue&quot;, sans-serif; font-size: 15px; background-color: rgb(255, 255, 255);\">La carpeta de investigaci\u00f3n se integr\u00f3 con pruebas tanto cient\u00edficas como testimoniales a fin de acreditar la responsabilidad del imputado.<\/p>\n<p style=\"color: rgb(36, 36, 36); font-family: &quot;Segoe UI&quot;, &quot;Segoe UI Web (West European)&quot;, &quot;Segoe UI&quot;, -apple-system, BlinkMacSystemFont, Roboto, &quot;Helvetica Neue&quot;, sans-serif; font-size: 15px; background-color: rgb(255, 255, 255);\">Tras la noticia criminal correspondiente se iniciaron las acciones de investigaci\u00f3n por parte de esta representaci\u00f3n social, mismas que llevaron a la obtenci\u00f3n de una orden de aprehensi\u00f3n y a la correspondiente ejecuci\u00f3n en una diligencia de cateo en el domicilio del imputado, logrando ejecutar de igual manera orden de aprehensi\u00f3n en su contra.<\/p>\n<p style=\"color: rgb(36, 36, 36); font-family: &quot;Segoe UI&quot;, &quot;Segoe UI Web (West European)&quot;, &quot;Segoe UI&quot;, -apple-system, BlinkMacSystemFont, Roboto, &quot;Helvetica Neue&quot;, sans-serif; font-size: 15px; background-color: rgb(255, 255, 255);\">Una vez capturado, se celebr\u00f3 la audiencia inicial donde se formul\u00f3 imputaci\u00f3n por parte del Ministerio P\u00fablico y se solicit\u00f3 la vinculaci\u00f3n a proceso, misma que se posterg\u00f3 a solicitud de la defensa del sujeto, al solicitar la ampliaci\u00f3n del t\u00e9rmino constitucional, pero se impuso la medida de prisi\u00f3n preventiva justificada.<\/p>\n<p style=\"color: rgb(36, 36, 36); font-family: &quot;Segoe UI&quot;, &quot;Segoe UI Web (West European)&quot;, &quot;Segoe UI&quot;, -apple-system, BlinkMacSystemFont, Roboto, &quot;Helvetica Neue&quot;, sans-serif; font-size: 15px; background-color: rgb(255, 255, 255);\">Dado lo anterior, Francisco \u201cN\u201d fue recluido en un Centro de Reinserci\u00f3n Social (Cereso) a la espera de que sean los tribunales quienes determinen su situaci\u00f3n jur\u00eddica. En este sentido, la Fiscal\u00eda General de Justicia del Estado de Sonora continuar\u00e1 sus investigaciones y solicitar\u00e1 la pena m\u00e1s alta que en Derecho procedan.<\/p>\n","protected":false},"excerpt":{"rendered":"<p>Fue recluido en un Centro de Reinserci\u00f3n Social (Cereso) a la espera de que sean los tribunales quienes determinen su situaci\u00f3n jur\u00eddica.<\/p>\n","protected":false},"author":1,"featured_media":834,"comment_status":"open","ping_status":"open","sticky":false,"template":"","format":"standard","meta":{"footnotes":""},"categories":[32],"tags":[],"class_list":["post-354","post","type-post","status-publish","format-standard","has-post-thumbnail","hentry","category-policiaca"],"_links":{"self":[{"href":"https:\/\/elreporterodelacomunidad.com\/index.php\/wp-json\/wp\/v2\/posts\/354","targetHints":{"allow":["GET"]}}],"collection":[{"href":"https:\/\/elreporterodelacomunidad.com\/index.php\/wp-json\/wp\/v2\/posts"}],"about":[{"href":"https:\/\/elreporterodelacomunidad.com\/index.php\/wp-json\/wp\/v2\/types\/post"}],"author":[{"embeddable":true,"href":"https:\/\/elreporterodelacomunidad.com\/index.php\/wp-json\/wp\/v2\/users\/1"}],"replies":[{"embeddable":true,"href":"https:\/\/elreporterodelacomunidad.com\/index.php\/wp-json\/wp\/v2\/comments?post=354"}],"version-history":[{"count":1,"href":"https:\/\/elreporterodelacomunidad.com\/index.php\/wp-json\/wp\/v2\/posts\/354\/revisions"}],"predecessor-version":[{"id":833,"href":"https:\/\/elreporterodelacomunidad.com\/index.php\/wp-json\/wp\/v2\/posts\/354\/revisions\/833"}],"wp:featuredmedia":[{"embeddable":true,"href":"https:\/\/elreporterodelacomunidad.com\/index.php\/wp-json\/wp\/v2\/media\/834"}],"wp:attachment":[{"href":"https:\/\/elreporterodelacomunidad.com\/index.php\/wp-json\/wp\/v2\/media?parent=354"}],"wp:term":[{"taxonomy":"category","embeddable":true,"href":"https:\/\/elreporterodelacomunidad.com\/index.php\/wp-json\/wp\/v2\/categories?post=354"},{"taxonomy":"post_tag","embeddable":true,"href":"https:\/\/elreporterodelacomunidad.com\/index.php\/wp-json\/wp\/v2\/tags?post=354"}],"curies":[{"name":"wp","href":"https:\/\/api.w.org\/{rel}","templated":true}]}}