{"id":3535,"date":"2024-01-07T00:00:00","date_gmt":"2024-01-07T07:00:00","guid":{"rendered":"https:\/\/elreporterodelacomunidad.com\/index.php\/2024\/01\/07\/anuncian-suspension-de-clases-en-17-municipios-de-sonora-ante-bajas-temperaturas-extremas\/"},"modified":"2024-05-18T23:10:33","modified_gmt":"2024-05-19T06:10:33","slug":"anuncian-suspension-de-clases-en-17-municipios-de-sonora-ante-bajas-temperaturas-extremas","status":"publish","type":"post","link":"https:\/\/elreporterodelacomunidad.com\/index.php\/2024\/01\/07\/anuncian-suspension-de-clases-en-17-municipios-de-sonora-ante-bajas-temperaturas-extremas\/","title":{"rendered":"Anuncian suspensi\u00f3n de clases en 17 municipios de Sonora ante bajas temperaturas extremas"},"content":{"rendered":"<p class=\"MsoNormal\">Luego de una valoraci\u00f3n por los riesgos que se pudieran tener en la salud de los alumnos a consecuencia de las bajas temperaturas, las autoridades educativas determinaron aplicar la recomendaci\u00f3n de Protecci\u00f3n Civil, en materia de suspensi\u00f3n de clases en 17 municipios de Sonora este lunes.<\/p>\n<p class=\"MsoNormal\">Cabe mencionar que para ma\u00f1ana estaba programado el regreso a clases, luego del per\u00edodo de asueto decembrino, donde las autoridades educativas hab\u00edan dado a conocer que estaban listos para recibir a los m\u00e1s de 24 mil directivos y docentes, as\u00ed como a los 500 mil estudiantes de nivel b\u00e1sico, sin embargo parte de estos no podr\u00e1n reiniciar actividades por el fr\u00edo extremo que se tendr\u00e1.<\/p>\n<p class=\"MsoNormal\">Al respecto, el titular de la Secretar\u00eda de Educaci\u00f3n y Cultura en Sonora; Aar\u00f3n Grageda Bustamante, dijo que la cancelaci\u00f3n de clases es en Nogales, Santa Cruz, Naco, Nacozari, Bacoachi, Fronteras, Agua Prieta, Bavispe, Huachinera, Bacerac, Bacad\u00e9huachi, N\u00e1cori Chico, Cananea, Y\u00e9cora, \u00cdmuris, Santa Ana y Magdalena.<\/p>\n<p class=\"MsoNormal\">Mencion\u00f3 que de la misma forma en el resto de las localidades se recorrer\u00e1 una hora el horario de entrada en el turno matutino y se adelantar\u00e1 una hora la salida en el turno vespertino, en escuelas p\u00fablicas y particulares de nivel b\u00e1sico.<\/p>\n<p class=\"MsoNormal\">El horario de entrada de preescolar es a las 09:00 y se recorre a las 10:00 horas, en tanto que en primaria es a las 08:00 y pasa a las 09:00 horas, mientras que en secundaria de 07:00 horas, ser\u00e1 a las 08:00 horas y para en la tarde saldr\u00e1n una hora antes.<\/p>\n<p class=\"MsoNormal\">Seg\u00fan datos proporcionados por Protecci\u00f3n Civil y el Servicio Meteorol\u00f3gico Nacional de la Comisi\u00f3n Nacional del Agua, se esperan temperaturas m\u00ednimas de hasta menos 10 grados cent\u00edgrados, fuertes rachas de vientos, lluvia y ca\u00edda de nieve en algunas de las regiones que se mencionaron, de ah\u00ed que se recomienda suspender actividades escolares.<\/p>\n<p class=\"MsoNormal\">Explic\u00f3 que con base al an\u00e1lisis de la informaci\u00f3n y el monitoreo de las condiciones climatol\u00f3gicas, posteriormente se emitir\u00e1n nuevas recomendaciones para ser aplicadas a partir del martes nueve de enero.<\/p>\n<p class=\"MsoNormal\">Recomend\u00f3 a la sociedad en general a permanecer atenta a cualquier aviso que emitan las autoridades correspondientes a trav\u00e9s de los medios oficiales de informaci\u00f3n en materia meteorol\u00f3gica.<\/p>\n<p class=\"MsoNormal\">Estableci\u00f3 que las medidas anunciadas aplican para alumnos, docentes y personal de apoyo a la educaci\u00f3n, con el objetivo de proteger la salud de la comunidad escolar, desde nivel elemental hasta secundaria.<\/p>\n<p class=\"MsoNormal\">Agreg\u00f3 que es fundamental acatar la recomendaci\u00f3n por el bienestar de toda la comunidad educativa de Sonora.<\/p>\n","protected":false},"excerpt":{"rendered":"<p>En el resto de las localidades se recorrer\u00e1 una hora el horario de entrada en el turno matutino y se adelantar\u00e1 una hora la salida en el turno vespertino.<\/p>\n","protected":false},"author":1,"featured_media":3538,"comment_status":"open","ping_status":"open","sticky":false,"template":"","format":"standard","meta":{"footnotes":""},"categories":[29],"tags":[],"class_list":["post-3535","post","type-post","status-publish","format-standard","has-post-thumbnail","hentry","category-principalsecundaria"],"_links":{"self":[{"href":"https:\/\/elreporterodelacomunidad.com\/index.php\/wp-json\/wp\/v2\/posts\/3535","targetHints":{"allow":["GET"]}}],"collection":[{"href":"https:\/\/elreporterodelacomunidad.com\/index.php\/wp-json\/wp\/v2\/posts"}],"about":[{"href":"https:\/\/elreporterodelacomunidad.com\/index.php\/wp-json\/wp\/v2\/types\/post"}],"author":[{"embeddable":true,"href":"https:\/\/elreporterodelacomunidad.com\/index.php\/wp-json\/wp\/v2\/users\/1"}],"replies":[{"embeddable":true,"href":"https:\/\/elreporterodelacomunidad.com\/index.php\/wp-json\/wp\/v2\/comments?post=3535"}],"version-history":[{"count":1,"href":"https:\/\/elreporterodelacomunidad.com\/index.php\/wp-json\/wp\/v2\/posts\/3535\/revisions"}],"predecessor-version":[{"id":3536,"href":"https:\/\/elreporterodelacomunidad.com\/index.php\/wp-json\/wp\/v2\/posts\/3535\/revisions\/3536"}],"wp:featuredmedia":[{"embeddable":true,"href":"https:\/\/elreporterodelacomunidad.com\/index.php\/wp-json\/wp\/v2\/media\/3538"}],"wp:attachment":[{"href":"https:\/\/elreporterodelacomunidad.com\/index.php\/wp-json\/wp\/v2\/media?parent=3535"}],"wp:term":[{"taxonomy":"category","embeddable":true,"href":"https:\/\/elreporterodelacomunidad.com\/index.php\/wp-json\/wp\/v2\/categories?post=3535"},{"taxonomy":"post_tag","embeddable":true,"href":"https:\/\/elreporterodelacomunidad.com\/index.php\/wp-json\/wp\/v2\/tags?post=3535"}],"curies":[{"name":"wp","href":"https:\/\/api.w.org\/{rel}","templated":true}]}}