{"id":347,"date":"2024-04-30T00:00:00","date_gmt":"2024-04-30T07:00:00","guid":{"rendered":"https:\/\/elreporterodelacomunidad.com\/index.php\/2024\/04\/30\/rinde-protesta-el-xxxvii-cabildo-infantil-2024-2025-del-ayuntamiento-de-hermosillo\/"},"modified":"2024-05-18T21:59:34","modified_gmt":"2024-05-19T04:59:34","slug":"rinde-protesta-el-xxxvii-cabildo-infantil-2024-2025-del-ayuntamiento-de-hermosillo","status":"publish","type":"post","link":"https:\/\/elreporterodelacomunidad.com\/index.php\/2024\/04\/30\/rinde-protesta-el-xxxvii-cabildo-infantil-2024-2025-del-ayuntamiento-de-hermosillo\/","title":{"rendered":"Rinde protesta el XXXVII Cabildo Infantil 2024-2025 del Ayuntamiento de Hermosillo"},"content":{"rendered":"<p>Como parte de la celebraci\u00f3n del D\u00eda de la Ni\u00f1a y el Ni\u00f1o, se realiz\u00f3 la toma de protesta del XXXVII Cabildo Infantil 2024-2025, que este a\u00f1o como consejo trabajar\u00e1 en la difusi\u00f3n de los derechos de las ni\u00f1as, los ni\u00f1os y los adolescentes en Hermosillo con el apoyo del Gobierno Municipal.<br style=\"color: rgb(36, 36, 36); font-family: \" segoe=\"\" ui\",=\"\" \"segoe=\"\" ui=\"\" web=\"\" (west=\"\" european)\",=\"\" -apple-system,=\"\" blinkmacsystemfont,=\"\" roboto,=\"\" \"helvetica=\"\" neue\",=\"\" sans-serif;=\"\" font-size:=\"\" 15px;=\"\" background-color:=\"\" rgb(255,=\"\" 255,=\"\" 255);\"=\"\"><br style=\"color: rgb(36, 36, 36); font-family: \" segoe=\"\" ui\",=\"\" \"segoe=\"\" ui=\"\" web=\"\" (west=\"\" european)\",=\"\" -apple-system,=\"\" blinkmacsystemfont,=\"\" roboto,=\"\" \"helvetica=\"\" neue\",=\"\" sans-serif;=\"\" font-size:=\"\" 15px;=\"\" background-color:=\"\" rgb(255,=\"\" 255,=\"\" 255);\"=\"\">Las y los integrantes de este Cabildo Infantil representan a todas y todos los ni\u00f1os de la zona urbana y rural de Hermosillo, de escuelas p\u00fablicas y privadas, ind\u00edgenas o con alguna discapacidad, quienes tendr\u00e1n la oportunidad de aportar sus ideas para que se materialicen en acciones del Ayuntamiento.<br style=\"color: rgb(36, 36, 36); font-family: \" segoe=\"\" ui\",=\"\" \"segoe=\"\" ui=\"\" web=\"\" (west=\"\" european)\",=\"\" -apple-system,=\"\" blinkmacsystemfont,=\"\" roboto,=\"\" \"helvetica=\"\" neue\",=\"\" sans-serif;=\"\" font-size:=\"\" 15px;=\"\" background-color:=\"\" rgb(255,=\"\" 255,=\"\" 255);\"=\"\"><br style=\"color: rgb(36, 36, 36); font-family: \" segoe=\"\" ui\",=\"\" \"segoe=\"\" ui=\"\" web=\"\" (west=\"\" european)\",=\"\" -apple-system,=\"\" blinkmacsystemfont,=\"\" roboto,=\"\" \"helvetica=\"\" neue\",=\"\" sans-serif;=\"\" font-size:=\"\" 15px;=\"\" background-color:=\"\" rgb(255,=\"\" 255,=\"\" 255);\"=\"\">En este tercer a\u00f1o se convierte nuevamente en Consejo Infantil, el cual tendr\u00e1 facultades para la difusi\u00f3n de los derechos de las ni\u00f1as, ni\u00f1os y adolescentes.<br style=\"color: rgb(36, 36, 36); font-family: \" segoe=\"\" ui\",=\"\" \"segoe=\"\" ui=\"\" web=\"\" (west=\"\" european)\",=\"\" -apple-system,=\"\" blinkmacsystemfont,=\"\" roboto,=\"\" \"helvetica=\"\" neue\",=\"\" sans-serif;=\"\" font-size:=\"\" 15px;=\"\" background-color:=\"\" rgb(255,=\"\" 255,=\"\" 255);\"=\"\"><br style=\"color: rgb(36, 36, 36); font-family: \" segoe=\"\" ui\",=\"\" \"segoe=\"\" ui=\"\" web=\"\" (west=\"\" european)\",=\"\" -apple-system,=\"\" blinkmacsystemfont,=\"\" roboto,=\"\" \"helvetica=\"\" neue\",=\"\" sans-serif;=\"\" font-size:=\"\" 15px;=\"\" background-color:=\"\" rgb(255,=\"\" 255,=\"\" 255);\"=\"\">La presidenta municipal infantil es Hanna Tsurumi Taraz\u00f3n; la s\u00edndica municipal infantil es Alma Regina Coronado Cruz; y la secretaria infantil es Matilde D\u00e1vila Robledo, quienes encabezaron la primera sesi\u00f3n extraordinaria en Sala de Cabildo.<br style=\"color: rgb(36, 36, 36); font-family: \" segoe=\"\" ui\",=\"\" \"segoe=\"\" ui=\"\" web=\"\" (west=\"\" european)\",=\"\" -apple-system,=\"\" blinkmacsystemfont,=\"\" roboto,=\"\" \"helvetica=\"\" neue\",=\"\" sans-serif;=\"\" font-size:=\"\" 15px;=\"\" background-color:=\"\" rgb(255,=\"\" 255,=\"\" 255);\"=\"\"><br style=\"color: rgb(36, 36, 36); font-family: \" segoe=\"\" ui\",=\"\" \"segoe=\"\" ui=\"\" web=\"\" (west=\"\" european)\",=\"\" -apple-system,=\"\" blinkmacsystemfont,=\"\" roboto,=\"\" \"helvetica=\"\" neue\",=\"\" sans-serif;=\"\" font-size:=\"\" 15px;=\"\" background-color:=\"\" rgb(255,=\"\" 255,=\"\" 255);\"=\"\">\u201cCreo profundamente que como seres humanos en crecimiento, herederos de este planeta y su entorno, necesitamos contar con las bases necesarias y los cuidados, apoyados por madres y padres de familia, maestros y autoridades, que est\u00e9n pendientes de nuestro desarrollo donde podamos crecer, navegar por la adolescencia dentro del l\u00edmites seguros y modelos a seguir positivos\u201d, expres\u00f3 la presidenta infantil.<\/p>\n","protected":false},"excerpt":{"rendered":"<p>En este tercer a\u00f1o se convierte en Consejo Infantil, el cual tendr\u00e1 facultades para la difusi\u00f3n de los derechos de las ni\u00f1as, los ni\u00f1os y los adolescentes.<\/p>\n","protected":false},"author":1,"featured_media":820,"comment_status":"open","ping_status":"open","sticky":false,"template":"","format":"standard","meta":{"footnotes":""},"categories":[36],"tags":[],"class_list":["post-347","post","type-post","status-publish","format-standard","has-post-thumbnail","hentry","category-educacion"],"_links":{"self":[{"href":"https:\/\/elreporterodelacomunidad.com\/index.php\/wp-json\/wp\/v2\/posts\/347","targetHints":{"allow":["GET"]}}],"collection":[{"href":"https:\/\/elreporterodelacomunidad.com\/index.php\/wp-json\/wp\/v2\/posts"}],"about":[{"href":"https:\/\/elreporterodelacomunidad.com\/index.php\/wp-json\/wp\/v2\/types\/post"}],"author":[{"embeddable":true,"href":"https:\/\/elreporterodelacomunidad.com\/index.php\/wp-json\/wp\/v2\/users\/1"}],"replies":[{"embeddable":true,"href":"https:\/\/elreporterodelacomunidad.com\/index.php\/wp-json\/wp\/v2\/comments?post=347"}],"version-history":[{"count":1,"href":"https:\/\/elreporterodelacomunidad.com\/index.php\/wp-json\/wp\/v2\/posts\/347\/revisions"}],"predecessor-version":[{"id":819,"href":"https:\/\/elreporterodelacomunidad.com\/index.php\/wp-json\/wp\/v2\/posts\/347\/revisions\/819"}],"wp:featuredmedia":[{"embeddable":true,"href":"https:\/\/elreporterodelacomunidad.com\/index.php\/wp-json\/wp\/v2\/media\/820"}],"wp:attachment":[{"href":"https:\/\/elreporterodelacomunidad.com\/index.php\/wp-json\/wp\/v2\/media?parent=347"}],"wp:term":[{"taxonomy":"category","embeddable":true,"href":"https:\/\/elreporterodelacomunidad.com\/index.php\/wp-json\/wp\/v2\/categories?post=347"},{"taxonomy":"post_tag","embeddable":true,"href":"https:\/\/elreporterodelacomunidad.com\/index.php\/wp-json\/wp\/v2\/tags?post=347"}],"curies":[{"name":"wp","href":"https:\/\/api.w.org\/{rel}","templated":true}]}}