{"id":3455,"date":"2024-01-10T00:00:00","date_gmt":"2024-01-10T07:00:00","guid":{"rendered":"https:\/\/elreporterodelacomunidad.com\/index.php\/2024\/01\/10\/encuentran-sin-vida-a-aronia-wilson-tambo-gobernadora-de-la-etnia-cucapa-en-sonora\/"},"modified":"2024-05-18T23:08:46","modified_gmt":"2024-05-19T06:08:46","slug":"encuentran-sin-vida-a-aronia-wilson-tambo-gobernadora-de-la-etnia-cucapa-en-sonora","status":"publish","type":"post","link":"https:\/\/elreporterodelacomunidad.com\/index.php\/2024\/01\/10\/encuentran-sin-vida-a-aronia-wilson-tambo-gobernadora-de-la-etnia-cucapa-en-sonora\/","title":{"rendered":"Encuentran sin vida a Aronia Wilson Tambo, gobernadora de la etnia Cucap\u00e1 en Sonora"},"content":{"rendered":"<p class=\"MsoNormal\">La madrugada de este mi\u00e9rcoles encontraron sin vida a la gobernadora de la etnia Cucap\u00e1 del Ejido Pozas de Arvizu, Aronia Wilson Tambo, por lo que el caso se encuentra bajo investigaciones de la Fiscal\u00eda General de Justicia de Sonora (FGJE), inform\u00f3 el alcalde de San Lu\u00eds R\u00edo Colorado, Santos Gonz\u00e1lez Yescas.<\/p>\n<p class=\"MsoNormal\">El alcalde lament\u00f3 los hechos y coment\u00f3 que las primeras indagatorias indican que la muerte de la gobernadora fue producto de un homicidio, pero que esperan el dictamen de la Agencia Ministerial de Investigaci\u00f3n Criminal (AMIC), quienes determinar\u00e1n los hechos reales.<\/p>\n<p class=\"MsoNormal\">Al respecto la FGJE comunic\u00f3 que con relaci\u00f3n a los hechos donde fue privada la vida Aronia Wilson Tambo, gobernadora de la etnia Cucap\u00e1 (a la cual titulan como l\u00edder de la comunidad), efectivamente han iniciado las investigaciones correspondientes para esclarecer las circunstancias que llevaron a su muerte.<\/p>\n<p class=\"MsoNormal\">La Fiscal\u00eda inform\u00f3 que tienen detenida a \u201cuna persona de inter\u00e9s y que est\u00e1 investigando su posible participaci\u00f3n en los hechos\u201d, en espera de que se desahoguen diversos testimonios y ex\u00e1menes periciales.<\/p>\n<p class=\"MsoNormal\">Investigaciones de la Fiscal\u00eda descartan que este homicidio tenga relaci\u00f3n con la actividad pol\u00edtica o similar desempe\u00f1ada por la l\u00edder \u00e9tnica y que, se ha establecido como hip\u00f3tesis de trabajo relacionada a su entorno personal y la l\u00ednea de investigaci\u00f3n apunta a su c\u00edrculo inmediato.<\/p>\n<p class=\"MsoNormal\">Por otro lado, la Secretar\u00eda de Seguridad P\u00fablica inform\u00f3 que el detenido fue sorprendido adem\u00e1s, en el robo del veh\u00edculo de la v\u00edctima.<\/p>\n<p class=\"MsoNormal\">Reaccionan personas de la etnia<\/p>\n<p class=\"MsoNormal\">Alfonso Tambo Cece\u00f1a, representante de la Etnia Cucap\u00e1 en el Ejido Pozas de Arvizu, San Luis R\u00edo Colorado, inform\u00f3 que se esperan a dos familiares de la gobernadora Aaronia Wilson Tambo, la cual falleci\u00f3 al parecer por lesiones provocadas por una persona, para acordar los procesos funerarios, con base en los usos y costumbres de la Etnia.<\/p>\n<p class=\"MsoNormal\">Tambo Cece\u00f1a dijo que de ser as\u00ed, el cuerpo de la gobernadora ser\u00e1 recibido entre cantos y danzas tradicionales y ser\u00e1 velada durante dos noches, para despu\u00e9s ser incinerada en una ceremonia especial, como lo marcan sus usos y costumbres.<\/p>\n<p class=\"MsoNormal\">Lament\u00f3 los hechos en los que falleci\u00f3 la gobernadora y dijo que espera que se logre la justicia por el pueblo y por la familia que deja en el plano terrenal.<\/p>\n<p class=\"MsoNormal\">INPI podr\u00eda apoyar con gastos funerarios y asesor\u00eda jur\u00eddica<\/p>\n<p class=\"MsoNormal\">El director regional del Instituto Nacional de los Pueblos Ind\u00edgenas (INPI) con sede en Caborca, Sonora, Secundino Amarillas dijo que ellos apoyar\u00e1n a la familia de Aaronia Wilson Tambo en todo lo necesario para los gastos funerarios.<\/p>\n<p class=\"MsoNormal\">Coment\u00f3 que el INPI cuenta con un programa que se llama Tercer Nivel, el cual cuenta con recursos para apoyar a los pueblos originarios en gastos funerarios y que adem\u00e1s ofrecer\u00e1n los servicios jur\u00eddicos en caso de ser necesario.<\/p>\n<p class=\"MsoNormal\">Nosotros tenemos un programa que se llama Tercer Nivel, para gastos funerarios, y en aspectos jur\u00eddicos tendr\u00edamos que ver, porque tambi\u00e9n tenemos un \u00e1rea jur\u00eddica.<\/p>\n<p class=\"MsoNormal\">Dijo que la dependencia actuar\u00e1 hasta donde se lo permita la Ley y le corresponda a la dependencia, para no intervenir en las indagatorias que corresponden a las autoridades de investigaci\u00f3n y polic\u00edas.<\/p>\n<p class=\"MsoNormal\">Lament\u00f3 el fallecimiento de la gobernadora, sobre todo por c\u00f3mo se dieron la cosas seg\u00fan la versi\u00f3n de las autoridades y espera que se haga justicia, y lamenta adem\u00e1s que haya fallecido una exponente de la lengua y tradiciones de la etnia.<\/p>\n<p class=\"MsoNormal\">Publicado originalmente en Tribuna de San Luis<\/p>\n","protected":false},"excerpt":{"rendered":"<p>Las primeras indagatorias indican que la muerte de la gobernadora fue producto de un homicidio<\/p>\n","protected":false},"author":1,"featured_media":3456,"comment_status":"open","ping_status":"open","sticky":false,"template":"","format":"standard","meta":{"footnotes":""},"categories":[29],"tags":[],"class_list":["post-3455","post","type-post","status-publish","format-standard","has-post-thumbnail","hentry","category-principalsecundaria"],"_links":{"self":[{"href":"https:\/\/elreporterodelacomunidad.com\/index.php\/wp-json\/wp\/v2\/posts\/3455","targetHints":{"allow":["GET"]}}],"collection":[{"href":"https:\/\/elreporterodelacomunidad.com\/index.php\/wp-json\/wp\/v2\/posts"}],"about":[{"href":"https:\/\/elreporterodelacomunidad.com\/index.php\/wp-json\/wp\/v2\/types\/post"}],"author":[{"embeddable":true,"href":"https:\/\/elreporterodelacomunidad.com\/index.php\/wp-json\/wp\/v2\/users\/1"}],"replies":[{"embeddable":true,"href":"https:\/\/elreporterodelacomunidad.com\/index.php\/wp-json\/wp\/v2\/comments?post=3455"}],"version-history":[{"count":1,"href":"https:\/\/elreporterodelacomunidad.com\/index.php\/wp-json\/wp\/v2\/posts\/3455\/revisions"}],"predecessor-version":[{"id":3457,"href":"https:\/\/elreporterodelacomunidad.com\/index.php\/wp-json\/wp\/v2\/posts\/3455\/revisions\/3457"}],"wp:featuredmedia":[{"embeddable":true,"href":"https:\/\/elreporterodelacomunidad.com\/index.php\/wp-json\/wp\/v2\/media\/3456"}],"wp:attachment":[{"href":"https:\/\/elreporterodelacomunidad.com\/index.php\/wp-json\/wp\/v2\/media?parent=3455"}],"wp:term":[{"taxonomy":"category","embeddable":true,"href":"https:\/\/elreporterodelacomunidad.com\/index.php\/wp-json\/wp\/v2\/categories?post=3455"},{"taxonomy":"post_tag","embeddable":true,"href":"https:\/\/elreporterodelacomunidad.com\/index.php\/wp-json\/wp\/v2\/tags?post=3455"}],"curies":[{"name":"wp","href":"https:\/\/api.w.org\/{rel}","templated":true}]}}