{"id":3426,"date":"2024-01-11T00:00:00","date_gmt":"2024-01-11T07:00:00","guid":{"rendered":"https:\/\/elreporterodelacomunidad.com\/index.php\/2024\/01\/11\/gobierno-de-sonora-invierte-15-millones-de-pesos-en-equipamiento-de-cocinas-escolares\/"},"modified":"2024-01-11T00:00:00","modified_gmt":"2024-01-11T07:00:00","slug":"gobierno-de-sonora-invierte-15-millones-de-pesos-en-equipamiento-de-cocinas-escolares","status":"publish","type":"post","link":"https:\/\/elreporterodelacomunidad.com\/index.php\/2024\/01\/11\/gobierno-de-sonora-invierte-15-millones-de-pesos-en-equipamiento-de-cocinas-escolares\/","title":{"rendered":"Gobierno de Sonora invierte 15 millones de pesos en equipamiento de cocinas escolares"},"content":{"rendered":"<p class=\"MsoNormal\">El Gobierno de Sonora, a trav\u00e9s del Sistema para el Desarrollo Integral de la Familia (DIF Sonora), ha invertido 15 millones de pesos en equipamiento de cocinas escolares de educaci\u00f3n b\u00e1sica en la entidad.<\/p>\n<p class=\"MsoNormal\">Por primera vez en la historia de Sonora, el gobierno de Alfonso Durazo, lleva el programa de Desayunos Escolares al 100 por ciento de las escuelas p\u00fablicas de nivel b\u00e1sico en modalidad fr\u00eda y caliente, lo que ha representado una mejor\u00eda en la calidad de vida de las y los estudiantes sonorenses.<\/p>\n<p class=\"MsoNormal\">En el marco de este programa, se realiz\u00f3 la entrega de equipamiento de comedores escolares de planteles de educaci\u00f3n b\u00e1sica en el municipio de Caborca, lo que beneficiar\u00e1 a 1,008 alumnos diariamente en la zona rural y urbana.<\/p>\n<p class=\"MsoNormal\">La directora general de DIF Sonora, Lorenia Valles Sampedro, coment\u00f3 que, son alrededor de 200 escuelas las que reciben el equipamiento de un desayunador escolar para que m\u00e1s de 20 mil ni\u00f1os y ni\u00f1as puedan recibir en el estado un plato caliente de alimento nutritivo y de calidad.<\/p>\n<p class=\"MsoNormal\">Se\u00f1al\u00f3 que para el gobernador Alfonso Durazo la alimentaci\u00f3n de los ni\u00f1os y ni\u00f1as es una de las prioridades de su gobierno para que mejoren su rendimiento escolar, por eso no se ha escatimado en el recurso para equipar de la mejor manera los comedores escolares de la entidad y poder transitar gradualmente en el porcentaje de desayunos fr\u00edos a desayunos calientes.<\/p>\n","protected":false},"excerpt":{"rendered":"<p>El Gobierno de Sonora, a trav\u00e9s del Sistema para el Desarrollo Integral de la Familia (DIF Sonora), ha invertido 15 millones de pesos en equipamiento de cocinas escolares de educaci\u00f3n b\u00e1sica en la entidad. Por primera vez en la historia de Sonora, el gobierno de Alfonso Durazo, lleva el programa de Desayunos Escolares al 100 [&hellip;]<\/p>\n","protected":false},"author":1,"featured_media":3427,"comment_status":"open","ping_status":"open","sticky":false,"template":"","format":"standard","meta":{"footnotes":""},"categories":[36],"tags":[],"class_list":["post-3426","post","type-post","status-publish","format-standard","has-post-thumbnail","hentry","category-educacion"],"_links":{"self":[{"href":"https:\/\/elreporterodelacomunidad.com\/index.php\/wp-json\/wp\/v2\/posts\/3426","targetHints":{"allow":["GET"]}}],"collection":[{"href":"https:\/\/elreporterodelacomunidad.com\/index.php\/wp-json\/wp\/v2\/posts"}],"about":[{"href":"https:\/\/elreporterodelacomunidad.com\/index.php\/wp-json\/wp\/v2\/types\/post"}],"author":[{"embeddable":true,"href":"https:\/\/elreporterodelacomunidad.com\/index.php\/wp-json\/wp\/v2\/users\/1"}],"replies":[{"embeddable":true,"href":"https:\/\/elreporterodelacomunidad.com\/index.php\/wp-json\/wp\/v2\/comments?post=3426"}],"version-history":[{"count":0,"href":"https:\/\/elreporterodelacomunidad.com\/index.php\/wp-json\/wp\/v2\/posts\/3426\/revisions"}],"wp:featuredmedia":[{"embeddable":true,"href":"https:\/\/elreporterodelacomunidad.com\/index.php\/wp-json\/wp\/v2\/media\/3427"}],"wp:attachment":[{"href":"https:\/\/elreporterodelacomunidad.com\/index.php\/wp-json\/wp\/v2\/media?parent=3426"}],"wp:term":[{"taxonomy":"category","embeddable":true,"href":"https:\/\/elreporterodelacomunidad.com\/index.php\/wp-json\/wp\/v2\/categories?post=3426"},{"taxonomy":"post_tag","embeddable":true,"href":"https:\/\/elreporterodelacomunidad.com\/index.php\/wp-json\/wp\/v2\/tags?post=3426"}],"curies":[{"name":"wp","href":"https:\/\/api.w.org\/{rel}","templated":true}]}}