{"id":3418,"date":"2024-01-11T00:00:00","date_gmt":"2024-01-11T07:00:00","guid":{"rendered":"https:\/\/elreporterodelacomunidad.com\/index.php\/2024\/01\/11\/eu-y-reino-unido-lanzan-ataques-aereos-contra-huties-en-yemen\/"},"modified":"2024-01-11T00:00:00","modified_gmt":"2024-01-11T07:00:00","slug":"eu-y-reino-unido-lanzan-ataques-aereos-contra-huties-en-yemen","status":"publish","type":"post","link":"https:\/\/elreporterodelacomunidad.com\/index.php\/2024\/01\/11\/eu-y-reino-unido-lanzan-ataques-aereos-contra-huties-en-yemen\/","title":{"rendered":"EU y Reino Unido lanzan ataques a\u00e9reos contra hut\u00edes en Yemen"},"content":{"rendered":"<p class=\"MsoNormal\">Fuerzas de Estados Unidos y de Reino Unido iniciaron esta noche ataques a\u00e9reos contra posiciones de los rebeldes hut\u00edes en Yemen, confirmaron funcionarios estadounidenses.<\/p>\n<p class=\"MsoNormal\">La operaci\u00f3n se da en respuesta a los ataques con drones que los rebeldes hut\u00edes han realizado contra buques que cruzan por el mar Rojo. De acuerdo con dos funcionarios estadounidenses, las fuerzas brit\u00e1nicas y estadounidenses est\u00e1n atacando m\u00e1s de una decena de blancos, que van de instalaciones de entrenamiento a otras de almacenamiento de drones.<\/p>\n<p class=\"MsoNormal\">La operaci\u00f3n se produce horas despu\u00e9s de que el primer ministro brit\u00e1nico, Rishi Sunak, celebrara una reuni\u00f3n de gobierno. Se trata de la primera vez que el grupo rebelde, respaldado por Ir\u00e1n, es atacado desde que \u00e9ste anunci\u00f3 su apoyo a Hamas y decidi\u00f3 atacar barcos en el Mar Rojo en represalia por la guerra de Israel contra la organizaci\u00f3n islamista.<\/p>\n<p class=\"MsoNormal\">Poco antes del inicio de la operaci\u00f3n estadounidense-brit\u00e1nica, el l\u00edder de los hout\u00edes, Abdul Malik Al-Houthi, emiti\u00f3 un video en el que advirti\u00f3 que ning\u00fan ataque quedar\u00e1 sin respuesta.<\/p>\n<p class=\"MsoNormal\">&#8220;Cualquier agresi\u00f3n estadounidense no quedar\u00e1 sin respuesta&#8221;, indic\u00f3. &#8220;Quien quiera involucrarse y atacar a nuestro querido pueblo y apuntar a nuestras fuerzas navales est\u00e1 poniendo en peligro la navegaci\u00f3n y los barcos comerciales [de su pa\u00eds]&#8221;, a\u00f1adi\u00f3. En la alocuci\u00f3n del video se puede ver de fondo un cartel con el lema de los Houthis: &#8220;Dios es el m\u00e1s grande, Muerte a Am\u00e9rica, Muerte a Israel, Maldici\u00f3n a los jud\u00edos, Victoria del Islam&#8221;.<\/p>\n<p class=\"MsoNormal\">Fuertes explosiones se escuchaban en la ciudad de Ta&#039;iz, en la regi\u00f3n de Yemen controlada por los hut\u00edes. Uno de los ataques alcanz\u00f3 el aeropuerto de Hodeidah.<\/p>\n<p class=\"MsoNormal\">De acuerdo con un funcionario estadounidense, aviones militares y buques de la Armada participan en los ataques contra objetivos en Yemen.<\/p>\n<p class=\"MsoNormal\">Tambi\u00e9n se registraron ataques contra diferentes posiciones de San\u00e1, la capital de Yemen. Un funcionario estadounidense de Defensa, citado por Voice of America, dijo que &#8220;el ataque de Estados Unidos y Reino Unido en Yemen tuvo como objetivo un radar hut\u00ed, sitios de defensa a\u00e9rea, almacenes de armas y sitios de lanzamiento&#8221;. Y agreg\u00f3: &#8220;Les dimos bastante fuerte, bastante bien&#8221;.<\/p>\n<p class=\"MsoNormal\">En respuesta a los ataques de Estados Unidos y Reino Unido, los hut\u00edes est\u00e1n atacando buques de guerra en el mar Rojo.<\/p>\n<p class=\"MsoNormal\">Joe Biden confirma ataque contra posiciones hut\u00edes<\/p>\n<p class=\"MsoNormal\">El presidente estadounidense, Joe Biden, confirm\u00f3 el ataque contra posiciones hut\u00edes. En un comunicado, dijo que el ataque fue lanzado por Estados Unidos y Reino Unido &#8220;con el apoyo de Australia, Bahr\u00e9in, Canad\u00e1 y Pa\u00edses Bajos&#8221;.<\/p>\n<p class=\"MsoNormal\">Biden denunci\u00f3 que m\u00e1s de 50 pa\u00edses se han visto afectados por los 27 ataques de los hut\u00edes; 2 mil buques se han visto obligados a desviarse para evitar el Mar Rojo, lo que ha provocado retrasos de semanas en el transporte mar\u00edtimo.<\/p>\n<p class=\"MsoNormal\">&#8220;No dudar\u00e9 en dirigir nuevas medidas para proteger a nuestro pueblo y el libre flujo del comercio internacional seg\u00fan sea necesario&#8221;, advirti\u00f3.<\/p>\n<p class=\"MsoNormal\">Por su parte, el primer ministro brit\u00e1nico, Rishi Sunak, dijo que &#8220;Reino Unido siempre defender\u00e1 la libertad de navegaci\u00f3n y la libre circulaci\u00f3n del comercio. Por lo tanto, hemos tomado medidas limitadas, necesarias y proporcionadas en leg\u00edtima defensa, junto con Estados Unidos y con el apoyo no operativo de los Pa\u00edses Bajos, Canad\u00e1 y Bahr\u00e9in contra objetivos relacionados con estos ataques, para degradar las capacidades militares de los hut\u00edes y proteger el transporte mar\u00edtimo mundial&#8221;.<\/p>\n","protected":false},"excerpt":{"rendered":"<p>La operaci\u00f3n se da como respuesta a los ataques con drones que los rebeldes hut\u00edes han realizado contra buques que cruzan por el mar Rojo.<\/p>\n","protected":false},"author":1,"featured_media":3419,"comment_status":"open","ping_status":"open","sticky":false,"template":"","format":"standard","meta":{"footnotes":""},"categories":[29],"tags":[],"class_list":["post-3418","post","type-post","status-publish","format-standard","has-post-thumbnail","hentry","category-principalsecundaria"],"_links":{"self":[{"href":"https:\/\/elreporterodelacomunidad.com\/index.php\/wp-json\/wp\/v2\/posts\/3418","targetHints":{"allow":["GET"]}}],"collection":[{"href":"https:\/\/elreporterodelacomunidad.com\/index.php\/wp-json\/wp\/v2\/posts"}],"about":[{"href":"https:\/\/elreporterodelacomunidad.com\/index.php\/wp-json\/wp\/v2\/types\/post"}],"author":[{"embeddable":true,"href":"https:\/\/elreporterodelacomunidad.com\/index.php\/wp-json\/wp\/v2\/users\/1"}],"replies":[{"embeddable":true,"href":"https:\/\/elreporterodelacomunidad.com\/index.php\/wp-json\/wp\/v2\/comments?post=3418"}],"version-history":[{"count":0,"href":"https:\/\/elreporterodelacomunidad.com\/index.php\/wp-json\/wp\/v2\/posts\/3418\/revisions"}],"wp:featuredmedia":[{"embeddable":true,"href":"https:\/\/elreporterodelacomunidad.com\/index.php\/wp-json\/wp\/v2\/media\/3419"}],"wp:attachment":[{"href":"https:\/\/elreporterodelacomunidad.com\/index.php\/wp-json\/wp\/v2\/media?parent=3418"}],"wp:term":[{"taxonomy":"category","embeddable":true,"href":"https:\/\/elreporterodelacomunidad.com\/index.php\/wp-json\/wp\/v2\/categories?post=3418"},{"taxonomy":"post_tag","embeddable":true,"href":"https:\/\/elreporterodelacomunidad.com\/index.php\/wp-json\/wp\/v2\/tags?post=3418"}],"curies":[{"name":"wp","href":"https:\/\/api.w.org\/{rel}","templated":true}]}}