{"id":340,"date":"2024-04-30T00:00:00","date_gmt":"2024-04-30T07:00:00","guid":{"rendered":"https:\/\/elreporterodelacomunidad.com\/index.php\/2024\/04\/30\/fuerte-choque-entre-trailers-deja-dos-heridos-en-la-carretera-sonoyta-slrc\/"},"modified":"2024-05-18T21:58:33","modified_gmt":"2024-05-19T04:58:33","slug":"fuerte-choque-entre-trailers-deja-dos-heridos-en-la-carretera-sonoyta-slrc","status":"publish","type":"post","link":"https:\/\/elreporterodelacomunidad.com\/index.php\/2024\/04\/30\/fuerte-choque-entre-trailers-deja-dos-heridos-en-la-carretera-sonoyta-slrc\/","title":{"rendered":"Fuerte choque entre tr\u00e1ilers deja dos heridos en la carretera Sonoyta-SLRC"},"content":{"rendered":"<p class=\"MsoNormal\">Dos personas lesionadas fue el saldo que dej\u00f3 un fuerte choque entre dos camiones de carga en la Carretera Internacional en el tramo Sonoyta-San Luis R\u00edo Colorado, durante la ma\u00f1ana de este lunes.<\/p>\n<p class=\"MsoNormal\">\n<p class=\"MsoNormal\">El fuerte encontronazo se registr\u00f3 a la altura del kil\u00f3metro 180 de la carretera entre Sonoyta y San Luis R\u00edo Colorado, en las inmediaciones del ret\u00e9n militar en el noroeste del estado, dejando fuertes da\u00f1os materiales debido al aparatoso accidente.<\/p>\n<p class=\"MsoNormal\">De acuerdo con los primeros reportes, una persona qued\u00f3 prensada en uno de los tr\u00e1ilers accidentados, el cual comenz\u00f3 a arder en llamas, por lo que se hizo el llamado al n\u00famero de emergencias (9-1-1) para solicitar la presencia de rescatistas en la zona.<\/p>\n<p class=\"MsoNormal\">Por tal motivo, al lugar llegaron elementos del Departamento de Bomberos con el equipamiento necesario para sacar al individuo de la unidad siniestrada, a trav\u00e9s de tenazas hidr\u00e1ulicas, llamadas \u201cquijadas de la vida\u201d, con lo cual fue posible remover los metales retorcidos para rescatar al afectado.<\/p>\n<p class=\"MsoNormal\">Al momento, son al menos dos personas las que se reportaron con heridas graves tras la colisi\u00f3n entre ambos camiones de carga, por lo que al sitio tambi\u00e9n se trasladaron dos unidades de la Cruz Roja Mexicana para trasladarlos a recibir atenci\u00f3n m\u00e9dica de urgencias.<\/p>\n<p class=\"MsoNormal\">El siniestro vial dej\u00f3 afectaciones al tr\u00e1fico de la carretera, ya que ambas unidades quedaron dispuestas a lo largo y ancho, por lo que autoridades trabajan en la zona para abrir de nuevo la circulaci\u00f3n, por lo que se recomienda tomar previsiones y atender indicaciones de las autoridades en el \u00e1rea.<\/p>\n<p class=\"MsoNormal\">Desde hace varias semanas, este tramo de la carretera ha sido objeto de noticias, pero no por siniestros viales, sino por incendios de tr\u00e1ilers provocados por presuntos civiles armados integrantes de grupos del crimen organizado que se disputan el control de la zona fronteriza.<\/p>\n<p class=\"MsoNormal\">El pasado viernes 26 de abril, se report\u00f3 un incendio de tr\u00e1ilers provocado por presuntos criminales encapuchados en el kil\u00f3metro 35 de la carretera Sonoyta &#8211; San Luis R\u00edo Colorado, dejando parado el tr\u00e1fico durante varias horas.<\/p>\n","protected":false},"excerpt":{"rendered":"<p>Dos personas lesionadas fue el saldo que dej\u00f3 un fuerte choque entre dos camiones de carga en la Carretera Internacional en el tramo Sonoyta-San Luis R\u00edo Colorado.<\/p>\n","protected":false},"author":1,"featured_media":805,"comment_status":"open","ping_status":"open","sticky":false,"template":"","format":"standard","meta":{"footnotes":""},"categories":[32],"tags":[],"class_list":["post-340","post","type-post","status-publish","format-standard","has-post-thumbnail","hentry","category-policiaca"],"_links":{"self":[{"href":"https:\/\/elreporterodelacomunidad.com\/index.php\/wp-json\/wp\/v2\/posts\/340","targetHints":{"allow":["GET"]}}],"collection":[{"href":"https:\/\/elreporterodelacomunidad.com\/index.php\/wp-json\/wp\/v2\/posts"}],"about":[{"href":"https:\/\/elreporterodelacomunidad.com\/index.php\/wp-json\/wp\/v2\/types\/post"}],"author":[{"embeddable":true,"href":"https:\/\/elreporterodelacomunidad.com\/index.php\/wp-json\/wp\/v2\/users\/1"}],"replies":[{"embeddable":true,"href":"https:\/\/elreporterodelacomunidad.com\/index.php\/wp-json\/wp\/v2\/comments?post=340"}],"version-history":[{"count":1,"href":"https:\/\/elreporterodelacomunidad.com\/index.php\/wp-json\/wp\/v2\/posts\/340\/revisions"}],"predecessor-version":[{"id":804,"href":"https:\/\/elreporterodelacomunidad.com\/index.php\/wp-json\/wp\/v2\/posts\/340\/revisions\/804"}],"wp:featuredmedia":[{"embeddable":true,"href":"https:\/\/elreporterodelacomunidad.com\/index.php\/wp-json\/wp\/v2\/media\/805"}],"wp:attachment":[{"href":"https:\/\/elreporterodelacomunidad.com\/index.php\/wp-json\/wp\/v2\/media?parent=340"}],"wp:term":[{"taxonomy":"category","embeddable":true,"href":"https:\/\/elreporterodelacomunidad.com\/index.php\/wp-json\/wp\/v2\/categories?post=340"},{"taxonomy":"post_tag","embeddable":true,"href":"https:\/\/elreporterodelacomunidad.com\/index.php\/wp-json\/wp\/v2\/tags?post=340"}],"curies":[{"name":"wp","href":"https:\/\/api.w.org\/{rel}","templated":true}]}}