{"id":3390,"date":"2024-01-12T00:00:00","date_gmt":"2024-01-12T07:00:00","guid":{"rendered":"https:\/\/elreporterodelacomunidad.com\/index.php\/2024\/01\/12\/cuando-inteligencia-artificial-este-en-su-punto-el-desempleo-se-agudizara-carlos-slim\/"},"modified":"2024-01-12T00:00:00","modified_gmt":"2024-01-12T07:00:00","slug":"cuando-inteligencia-artificial-este-en-su-punto-el-desempleo-se-agudizara-carlos-slim","status":"publish","type":"post","link":"https:\/\/elreporterodelacomunidad.com\/index.php\/2024\/01\/12\/cuando-inteligencia-artificial-este-en-su-punto-el-desempleo-se-agudizara-carlos-slim\/","title":{"rendered":"Cuando \u201cinteligencia artificial\u201d est\u00e9 en su punto, el desempleo se agudizar\u00e1: Carlos Slim"},"content":{"rendered":"<p class=\"MsoNormal\">El empresario Carlos Slim, dijo que si bien M\u00e9xico est\u00e1 viviendo un momento importante y que todo est\u00e1 trazado para una transformaci\u00f3n para poder crecer al 5% en los pr\u00f3ximos 10 a\u00f1os, se necesita romper la barrera del subdesarrollo mejorando el ingreso de los mexicanos.<\/p>\n<p class=\"MsoNormal\">El empresario Carlos Slim fue invitado por la Asociaci\u00f3n de ex alumnos del ITAM a dar una conferencia magistral en su calidad de presidente de la Fundaci\u00f3n Telmex para hablar sobre las oportunidades de inversi\u00f3n en M\u00e9xico.<\/p>\n<p class=\"MsoNormal\">Luego de hacer un recuento en donde habl\u00f3 ampliamente sobre las 41 etapas importantes que ha tenido nuestro pa\u00eds y 55 a\u00f1os de divisi\u00f3n a lo largo de la historia desde 1821 con muchos detalles que fue combinando con frases que sol\u00eda decir su padre, contest\u00f3 las preguntas que le plantearon los estudiantes entusiasmados por tener al hombre m\u00e1s rico de M\u00e9xico en el auditorio de su instituci\u00f3n.<\/p>\n<p class=\"MsoNormal\">\u201cSoy ingeniero y me ha llamado siempre la atenci\u00f3n el espacio y el universo, el origen, y sabemos que todos los planetas por la Ley de Newton es directamente proporcional a la masa, inversamente proporcional al cuadrado y a la distancia tiene una velocidad de escape, y la de M\u00e9xico es de 40 mil kil\u00f3metros, y la de los hoyos negros son 300 mil kil\u00f3metros por segundo\u201d, refiri\u00f3.<\/p>\n<p class=\"MsoNormal\">As\u00ed como eso, continu\u00f3, \u201che observado que entre los pa\u00edses del mundo cuando llegan por ah\u00ed de los 15 mil d\u00f3lares per c\u00e1pita, me he planteado que dejan la tracci\u00f3n de la gravedad del subdesarrollo\u201d.<\/p>\n<p class=\"MsoNormal\">Dentro de ese contexto consider\u00f3 que para llegar al top 7, primero hay que romper esa barrera porque en Am\u00e9rica Latina lo estaban haciendo algunos pa\u00edses como Chile de manera media o Panam\u00e1 y Costa Rica.<\/p>\n<p class=\"MsoNormal\">Para ello, se requiere invertir m\u00e1s y volver a la unidad sin confrontaciones como se vivieron en la primera etapa y durante la Revoluci\u00f3n. Trabajar conjuntamente entre nosotros y con Estados Unidos y Canad\u00e1.<\/p>\n<p class=\"MsoNormal\">Slim alert\u00f3 que el desempleo se va a agudizar especialmente con la inteligencia artificial porque cuando ya est\u00e9 \u201cen su punto\u201d, va a desplazar muchas fuentes de empleo.<\/p>\n<p class=\"MsoNormal\">El trabajo temporal va a ser importante, asegur\u00f3 por la situaci\u00f3n de EU y China.<\/p>\n<p class=\"MsoNormal\">Adem\u00e1s, consider\u00f3 relevante que el pa\u00eds tenga rumbo y destinar el 30% del PIB a la inversi\u00f3n, \u201clo tendr\u00edamos que hacer muy r\u00e1pidamente\u201d.<\/p>\n<p class=\"MsoNormal\">Pero lo m\u00e1s apremiante para el magnate, es fortalecer el poder adquisitivo de la poblaci\u00f3n, el ingreso, el salario.<\/p>\n<p class=\"MsoNormal\">\u201cCuando se habla de igualdad, no se trata de eso, se trata de que haya un nivel m\u00ednimo de bienestar, no es que est\u00e9n iguales \u00a1en d\u00f3nde!\u201d, critic\u00f3.<\/p>\n<p class=\"MsoNormal\">Asegur\u00f3 que todo est\u00e1 trazado y facilitado para una transformaci\u00f3n en 10 a\u00f1os con un crecimiento de 5% a 6%, pues M\u00e9xico est\u00e1 viviendo un momento importante.<\/p>\n<p class=\"MsoNormal\">Si bien reconoci\u00f3 lo que se ha hecho con el aumento del salario m\u00ednimo, falta m\u00e1s simplificaci\u00f3n para el pago de impuestos para evitar planeaciones fiscales.<\/p>\n<p class=\"MsoNormal\">Claves para el empresario<\/p>\n<p class=\"MsoNormal\">De buen humor Slim respondi\u00f3 todo lo que le preguntaron, como por ejemplo, lo que deber\u00edan hacer los empresarios para salir adelante y factores clave por los que est\u00e1 agradecido.<\/p>\n<p class=\"MsoNormal\">Confes\u00f3 que fue muy importante la formaci\u00f3n que le dio su pap\u00e1 en educaci\u00f3n y valores, aunque lo haya perdido a los 13 a\u00f1os de edad.<\/p>\n<p class=\"MsoNormal\">Dio a conocer que basado en sus ense\u00f1anzas, se puso a hacer la semblanza de su padre que termin\u00f3 durante la pandemia, y aprendi\u00f3 m\u00e1s sobre todo de las cartas que le escrib\u00eda desde M\u00e9xico a su hermano que estaba en L\u00edbano.<\/p>\n<p class=\"MsoNormal\">Algunas de las frases que dec\u00eda su padre fueron: \u201cOptimismo firme y paciente siempre rinde sus frutos; no es euforia\u201d, \u201cDinero que sale de la empresa se evapora, hay que reinvertir las utilidades\u201d.<\/p>\n<p class=\"MsoNormal\">Otras que record\u00f3 de amigos pol\u00edticos: \u201cNo sentirnos grandes en nuestros peque\u00f1os corralitos\u201d.<\/p>\n<p class=\"MsoNormal\">Recomend\u00f3 a los j\u00f3venes tomar en cuenta que \u201ctodos los tiempos son buenos para el que sabe qu\u00e9 hacer\u201d y tener muy claro que \u201cnos vamos a ir sin nada\u201d.<\/p>\n<p class=\"MsoNormal\">Trabajar y preparase, leer, definir lo que les gusta y no dedicarse nada m\u00e1s al negocio porque la familia es primero, luego el negocio y despu\u00e9s los intereses personales.<\/p>\n","protected":false},"excerpt":{"rendered":"<p>El hombre m\u00e1s rico de M\u00e9xico sostiene que hay que romper la barrera del subdesarrollo. Ofrece una charla invitado por la Asociaci\u00f3n de ex alumnos del ITAM.<\/p>\n","protected":false},"author":1,"featured_media":3391,"comment_status":"open","ping_status":"open","sticky":false,"template":"","format":"standard","meta":{"footnotes":""},"categories":[29],"tags":[],"class_list":["post-3390","post","type-post","status-publish","format-standard","has-post-thumbnail","hentry","category-principalsecundaria"],"_links":{"self":[{"href":"https:\/\/elreporterodelacomunidad.com\/index.php\/wp-json\/wp\/v2\/posts\/3390","targetHints":{"allow":["GET"]}}],"collection":[{"href":"https:\/\/elreporterodelacomunidad.com\/index.php\/wp-json\/wp\/v2\/posts"}],"about":[{"href":"https:\/\/elreporterodelacomunidad.com\/index.php\/wp-json\/wp\/v2\/types\/post"}],"author":[{"embeddable":true,"href":"https:\/\/elreporterodelacomunidad.com\/index.php\/wp-json\/wp\/v2\/users\/1"}],"replies":[{"embeddable":true,"href":"https:\/\/elreporterodelacomunidad.com\/index.php\/wp-json\/wp\/v2\/comments?post=3390"}],"version-history":[{"count":0,"href":"https:\/\/elreporterodelacomunidad.com\/index.php\/wp-json\/wp\/v2\/posts\/3390\/revisions"}],"wp:featuredmedia":[{"embeddable":true,"href":"https:\/\/elreporterodelacomunidad.com\/index.php\/wp-json\/wp\/v2\/media\/3391"}],"wp:attachment":[{"href":"https:\/\/elreporterodelacomunidad.com\/index.php\/wp-json\/wp\/v2\/media?parent=3390"}],"wp:term":[{"taxonomy":"category","embeddable":true,"href":"https:\/\/elreporterodelacomunidad.com\/index.php\/wp-json\/wp\/v2\/categories?post=3390"},{"taxonomy":"post_tag","embeddable":true,"href":"https:\/\/elreporterodelacomunidad.com\/index.php\/wp-json\/wp\/v2\/tags?post=3390"}],"curies":[{"name":"wp","href":"https:\/\/api.w.org\/{rel}","templated":true}]}}