{"id":3379,"date":"2024-01-15T00:00:00","date_gmt":"2024-01-15T07:00:00","guid":{"rendered":"https:\/\/elreporterodelacomunidad.com\/index.php\/2024\/01\/15\/aumenta-a-29-la-cifra-de-fosas-clandestinas-en-la-costa-de-hermosillo\/"},"modified":"2024-05-18T23:06:36","modified_gmt":"2024-05-19T06:06:36","slug":"aumenta-a-29-la-cifra-de-fosas-clandestinas-en-la-costa-de-hermosillo","status":"publish","type":"post","link":"https:\/\/elreporterodelacomunidad.com\/index.php\/2024\/01\/15\/aumenta-a-29-la-cifra-de-fosas-clandestinas-en-la-costa-de-hermosillo\/","title":{"rendered":"Aumenta a 29 la cifra de fosas clandestinas en La Costa de Hermosillo"},"content":{"rendered":"<p class=\"MsoNormal\">El n\u00famero de fosas clandestinas localizadas por el colectivo Madres Buscadoras de Sonora se increment\u00f3 a 29, luego de que el domingo 14 de enero fueran contabilizadas 10 fosas m\u00e1s, los hechos en un predio en la Costa de Hermosillo.<\/p>\n<p class=\"MsoNormal\">Ceci Patricia Flores Armenta, l\u00edder del colectivo inform\u00f3 que el domingo regresaron al lugar, luego de haber localizado 19 fosas y varios restos humanos la tarde del s\u00e1bado 13 de enero, dando como resultado el hallazgo de otras 10 fosas y poco m\u00e1s de 14 cuerpos.<\/p>\n<p class=\"MsoNormal\">\u201cEl d\u00eda de hoy 14 de enero, nuevamente nos encontramos en el mismo lugar donde el d\u00eda de ayer encontramos 19 fosas, contabilizadas por nosotras las familias, las madres. Localizamos al momento 10 fosas. No tenemos la contabilidad de los cuerpos ya que, en cuatro fosas que se procesaron el d\u00eda de ayer salieron al menos 14 cuerpos\u201d, explic\u00f3 Ceci en un video publicado en su cuenta oficial de X (antes Twitter).<\/p>\n<p class=\"MsoNormal\">Se\u00f1al\u00f3 que en esta nueva b\u00fasqueda estuvieron acompa\u00f1adas por madres de otros colectivos, as\u00ed como integrantes de&nbsp;la Comisi\u00f3n de B\u00fasqueda del Estado de Sonora y elementos de la Fiscal\u00eda General de Justicia del Estado (FGJE), Guardia Nacional y Polic\u00eda Estatal, para salvaguardar la integridad de las madres.<\/p>\n<p class=\"MsoNormal\">\u201cEstamos caminando sobre un cementerio clandestino. Podr\u00edamos estar pisando a nuestros hijos sin saberlo. Aqu\u00ed est\u00e1 enterrada la esperanza de un pa\u00eds que agoniza\u201d, escribi\u00f3.<\/p>\n<p class=\"MsoNormal\">Dado que hasta el momento no se tiene una cifra exacta sobre la cantidad de restos que pueden ubicarse en el lugar, Ceci Flores mencion\u00f3 que continuar\u00e1n con las labores de b\u00fasqueda en los siguientes d\u00edas, para tratar de recuperar lo m\u00e1s posible y con ello poder darle certeza a las familias de las personas desaparecidas. As\u00ed mismo, agradeci\u00f3 a quienes conf\u00edan en el trabajo que desempe\u00f1an las Madres Buscadoras de Sonora, as\u00ed como los diferentes colectivos de b\u00fasqueda, no s\u00f3lo de Sonora, sino de todo el pa\u00eds pues, dijo, es una lucha incansable que tienen para llevar de regreso a casa a sus hijos.<\/p>\n<p class=\"MsoNormal\">\u201cDos d\u00edas de una lucha incansable por traer a nuestros hijos de vuelta a casa y con resultados positivos, al menos 29 fosas contabilizadas por las madres, por las familias, en este lugar\u201d, apunt\u00f3.<\/p>\n<p class=\"MsoNormal\">Por su parte, la Fiscal\u00eda de Sonora indic\u00f3 a trav\u00e9s de un comunicado que personal de Servicios Periciales realiza el procesamiento del predio, por lo que la cantidad de cuerpos o restos \u00f3seos hallados ser\u00e1 determinado por los especialistas en la materia al terminar el procesamiento.<\/p>\n<p class=\"MsoNormal\">Mientras tanto, los restos localizados ser\u00e1n trasladados a las instalaciones del Servicio M\u00e9dico Forense para realizar los estudios cient\u00edficos pertinentes para identificar los restos encontrados.<\/p>\n","protected":false},"excerpt":{"rendered":"<p>Madres Buscadoras de Sonora reportaron el hallazgo del fin de semana en el \u00e1rea rural<\/p>\n","protected":false},"author":1,"featured_media":3381,"comment_status":"open","ping_status":"open","sticky":false,"template":"","format":"standard","meta":{"footnotes":""},"categories":[29],"tags":[],"class_list":["post-3379","post","type-post","status-publish","format-standard","has-post-thumbnail","hentry","category-principalsecundaria"],"_links":{"self":[{"href":"https:\/\/elreporterodelacomunidad.com\/index.php\/wp-json\/wp\/v2\/posts\/3379","targetHints":{"allow":["GET"]}}],"collection":[{"href":"https:\/\/elreporterodelacomunidad.com\/index.php\/wp-json\/wp\/v2\/posts"}],"about":[{"href":"https:\/\/elreporterodelacomunidad.com\/index.php\/wp-json\/wp\/v2\/types\/post"}],"author":[{"embeddable":true,"href":"https:\/\/elreporterodelacomunidad.com\/index.php\/wp-json\/wp\/v2\/users\/1"}],"replies":[{"embeddable":true,"href":"https:\/\/elreporterodelacomunidad.com\/index.php\/wp-json\/wp\/v2\/comments?post=3379"}],"version-history":[{"count":1,"href":"https:\/\/elreporterodelacomunidad.com\/index.php\/wp-json\/wp\/v2\/posts\/3379\/revisions"}],"predecessor-version":[{"id":3380,"href":"https:\/\/elreporterodelacomunidad.com\/index.php\/wp-json\/wp\/v2\/posts\/3379\/revisions\/3380"}],"wp:featuredmedia":[{"embeddable":true,"href":"https:\/\/elreporterodelacomunidad.com\/index.php\/wp-json\/"}],"wp:attachment":[{"href":"https:\/\/elreporterodelacomunidad.com\/index.php\/wp-json\/wp\/v2\/media?parent=3379"}],"wp:term":[{"taxonomy":"category","embeddable":true,"href":"https:\/\/elreporterodelacomunidad.com\/index.php\/wp-json\/wp\/v2\/categories?post=3379"},{"taxonomy":"post_tag","embeddable":true,"href":"https:\/\/elreporterodelacomunidad.com\/index.php\/wp-json\/wp\/v2\/tags?post=3379"}],"curies":[{"name":"wp","href":"https:\/\/api.w.org\/{rel}","templated":true}]}}