{"id":3351,"date":"2024-01-15T00:00:00","date_gmt":"2024-01-15T07:00:00","guid":{"rendered":"https:\/\/elreporterodelacomunidad.com\/index.php\/2024\/01\/15\/ejecutan-a-balazos-a-un-hombre-en-la-colonia-las-granjas-en-hermosillo\/"},"modified":"2024-05-18T23:06:08","modified_gmt":"2024-05-19T06:06:08","slug":"ejecutan-a-balazos-a-un-hombre-en-la-colonia-las-granjas-en-hermosillo","status":"publish","type":"post","link":"https:\/\/elreporterodelacomunidad.com\/index.php\/2024\/01\/15\/ejecutan-a-balazos-a-un-hombre-en-la-colonia-las-granjas-en-hermosillo\/","title":{"rendered":"Ejecutan a balazos a un hombre en la colonia Las Granjas en Hermosillo."},"content":{"rendered":"<p class=\"MsoNormal\">Un hombre de 35 a\u00f1os fue ejecutado a balazos durante la tarde de este lunes, luego de una intensa persecuci\u00f3n por diferentes calles de Hermosillo, hasta llegar a su domicilio, en la colonia Las Granjas.<\/p>\n<p class=\"MsoNormal\">La vida del afectado termin\u00f3 en el interior de su domicilio, ubicado en las calles Olivares y Minorca, de la citada colonia, cuando eran aproximadamente las 16:30 horas de este 15 de enero.<\/p>\n<p class=\"MsoNormal\">El ataque armado se realiz\u00f3 despu\u00e9s de una persecuci\u00f3n, pues la v\u00edctima se percat\u00f3 que un tipo de sujetos los segu\u00eda mientras se desplazaba en su veh\u00edculo de la marca Ford, l\u00ednea Focus, color rojo.<\/p>\n<p class=\"MsoNormal\">Los sospechosos iban a bordo de una camioneta, color rojo, la cual sigui\u00f3 al afectado por diferentes calles hasta llegar a su domicilio, ubicado en las calles antes mencionadas, donde al bajar la v\u00edctima fue detenido por los sujetos en el interior de su casa y fue cuando abrieron el fuego.<\/p>\n<p class=\"MsoNormal\">Acto seguido, el grupo de personas armadas se dio a la fuga, sin que nadie pudiera hacer algo para detenerlos, desconociendo tambi\u00e9n el rumbo que los sujetos tomaron para su escape.<\/p>\n<p class=\"MsoNormal\">Elementos de la Polic\u00eda Estatal de Seguridad P\u00fablica fueron los primeros respondientes en la escena del crimen, donde tambi\u00e9n llegaron oficiales de la Polic\u00eda Municipal y m\u00e1s tarde personal de Servicios Periciales de la Fiscal\u00eda Genera de Justicia del Estado.<\/p>\n<p class=\"MsoNormal\">Asimismo, al sitio se traslad\u00f3 persona del Servicio M\u00e9dico Forense (Semefo) para el levantamiento del cuerpo y comenzar con la necropsia de ley para las investigaciones correspondientes.<\/p>\n","protected":false},"excerpt":{"rendered":"<p>Un hombre de 35 a\u00f1os fue ejecutado a balazos durante la tarde de este lunes, luego de una intensa persecuci\u00f3n por diferentes calles de Hermosillo.<\/p>\n","protected":false},"author":1,"featured_media":3353,"comment_status":"open","ping_status":"open","sticky":false,"template":"","format":"standard","meta":{"footnotes":""},"categories":[29],"tags":[],"class_list":["post-3351","post","type-post","status-publish","format-standard","has-post-thumbnail","hentry","category-principalsecundaria"],"_links":{"self":[{"href":"https:\/\/elreporterodelacomunidad.com\/index.php\/wp-json\/wp\/v2\/posts\/3351","targetHints":{"allow":["GET"]}}],"collection":[{"href":"https:\/\/elreporterodelacomunidad.com\/index.php\/wp-json\/wp\/v2\/posts"}],"about":[{"href":"https:\/\/elreporterodelacomunidad.com\/index.php\/wp-json\/wp\/v2\/types\/post"}],"author":[{"embeddable":true,"href":"https:\/\/elreporterodelacomunidad.com\/index.php\/wp-json\/wp\/v2\/users\/1"}],"replies":[{"embeddable":true,"href":"https:\/\/elreporterodelacomunidad.com\/index.php\/wp-json\/wp\/v2\/comments?post=3351"}],"version-history":[{"count":1,"href":"https:\/\/elreporterodelacomunidad.com\/index.php\/wp-json\/wp\/v2\/posts\/3351\/revisions"}],"predecessor-version":[{"id":3352,"href":"https:\/\/elreporterodelacomunidad.com\/index.php\/wp-json\/wp\/v2\/posts\/3351\/revisions\/3352"}],"wp:featuredmedia":[{"embeddable":true,"href":"https:\/\/elreporterodelacomunidad.com\/index.php\/wp-json\/wp\/v2\/media\/3353"}],"wp:attachment":[{"href":"https:\/\/elreporterodelacomunidad.com\/index.php\/wp-json\/wp\/v2\/media?parent=3351"}],"wp:term":[{"taxonomy":"category","embeddable":true,"href":"https:\/\/elreporterodelacomunidad.com\/index.php\/wp-json\/wp\/v2\/categories?post=3351"},{"taxonomy":"post_tag","embeddable":true,"href":"https:\/\/elreporterodelacomunidad.com\/index.php\/wp-json\/wp\/v2\/tags?post=3351"}],"curies":[{"name":"wp","href":"https:\/\/api.w.org\/{rel}","templated":true}]}}