{"id":33385,"date":"2026-09-04T20:22:21","date_gmt":"2026-09-05T03:22:21","guid":{"rendered":"https:\/\/elreporterodelacomunidad.com\/?p=33385"},"modified":"2026-09-04T20:22:22","modified_gmt":"2026-09-05T03:22:22","slug":"33385","status":"publish","type":"post","link":"https:\/\/elreporterodelacomunidad.com\/index.php\/2026\/09\/04\/33385\/","title":{"rendered":""},"content":{"rendered":"\n<p class=\"wp-block-paragraph\">Asesinan al diputado de Morena Zenyazen Escobar en Veracruz<\/p>\n\n\n\n<p class=\"wp-block-paragraph\">El pol\u00edtico fue l\u00edder magisterial y secretario de Educaci\u00f3n en el gobierno del morenista Cuitl\u00e1huac Garc\u00eda Jim\u00e9nez.<\/p>\n\n\n\n<p class=\"wp-block-paragraph\">Veracruz a 04 de septiembre de 2026 (adn40).- El diputado federal morenista por Veracruz, Zenyazen Escobar Garc\u00eda fue hallado sin vida la ma\u00f1ana de este viernes en el municipio de Puente Nacional.<\/p>\n\n\n\n<p class=\"wp-block-paragraph\">La polic\u00eda localiz\u00f3 el cuerpo del legislador en el interior de su veh\u00edculo con al menos un disparo de arma de fuego.<\/p>\n\n\n\n<p class=\"wp-block-paragraph\">\u201cYo solo les puedo confirmar el deceso\u201d, inform\u00f3 la fiscal estatal, Lisbeth Aurelia Jim\u00e9nez Aguirre, al indicar que las autoridades llegaron al sitio para realizar la investigaci\u00f3n.<\/p>\n\n\n\n<p class=\"wp-block-paragraph\">\u201cTuvimos noticias del evento, se est\u00e1 atendiendo, apenas se constituy\u00f3 la triada, peritos, fiscales, polic\u00eda ministerial, y se est\u00e1 investigando, se est\u00e1 integrando la carpeta de investigaci\u00f3n\u201d, asegur\u00f3.<\/p>\n\n\n\n<p class=\"wp-block-paragraph\">El pol\u00edtico originario de R\u00edo Blanco, fue l\u00edder magisterial y secretario de Educaci\u00f3n en el gobierno del morenista Cuitl\u00e1huac Garc\u00eda Jim\u00e9nez.<\/p>\n\n\n\n<p class=\"wp-block-paragraph\">\u00bfDe qu\u00e9 muri\u00f3 el diputado de Morena Zenyazen Escobar?<\/p>\n\n\n\n<p class=\"wp-block-paragraph\">El secretario de Gobierno de Veracruz, Ricardo Ahued Bardahuil, descart\u00f3 que la muerte del diputado de Morena, Zenyazen Escobar, haya sido resultado de un atentado.<\/p>\n\n\n\n<p class=\"wp-block-paragraph\">A trav\u00e9s de una breve conferencia, Ahued Bardahuil confirm\u00f3 que al interior del veh\u00edculo en el que se encontraba el legislador hab\u00eda un arma de fuego; sin embargo, se\u00f1al\u00f3 que no exist\u00edan rastros de violencia.<\/p>\n\n\n\n<p class=\"wp-block-paragraph\">\u201cPrecisamente, en las periciales se ve que fue con un arma de fuego, efectivamente. No fue un atentado porque el carro est\u00e1 a un lado (en el acotamiento), no se nota que haya sido mayor agresi\u00f3n al veh\u00edculo; fue interno\u201d, indic\u00f3 el secretario de gobierno.<\/p>\n\n\n\n<p class=\"wp-block-paragraph\">Ahued Bardahuil indic\u00f3 que no quer\u00eda dar detalles dado que el hecho sigue en investigaci\u00f3n, pero que los datos preliminares se\u00f1alan que no fue un atentado.<\/p>\n\n\n\n<p class=\"wp-block-paragraph\">A\u00f1adi\u00f3 que ser\u00e1 la Fiscal\u00eda General de la Rep\u00fablica (FGR), quien determine las causas del fallecimiento del diputado.<\/p>\n\n\n\n<p class=\"wp-block-paragraph\">\u00bfQui\u00e9n era Zenyazen Escobar Garc\u00eda?<\/p>\n\n\n\n<p class=\"wp-block-paragraph\">Zenyazen Roberto Escobar Garc\u00eda naci\u00f3 el 4 de junio de 1984 y ten\u00eda 42 a\u00f1os. Su trayectoria p\u00fablica estuvo vinculada inicialmente con el magisterio y posteriormente con Morena.<\/p>\n\n\n\n<p class=\"wp-block-paragraph\">La ficha oficial del Sistema de Informaci\u00f3n Legislativa de la Secretar\u00eda de Gobernaci\u00f3n lo registra como integrante de la LXVI Legislatura de la C\u00e1mara de Diputados, correspondiente al periodo del 29 de agosto de 2024 al 31 de agosto de 2027.<\/p>\n\n\n\n<p class=\"wp-block-paragraph\">Al momento de su muerte era diputado federal por el Distrito 16 de Veracruz, cuya cabecera se encuentra en C\u00f3rdoba. Obtuvo el cargo por el principio de mayor\u00eda relativa.<\/p>\n\n\n\n<p class=\"wp-block-paragraph\">Su suplente registrado es \u00c1ngel Etiem Jim\u00e9nez Casta\u00f1eda, quien podr\u00eda ser llamado a ocupar la diputaci\u00f3n conforme al procedimiento aplicable.<\/p>\n","protected":false},"excerpt":{"rendered":"<p>Asesinan al diputado de Morena Zenyazen Escobar en Veracruz El pol\u00edtico fue l\u00edder magisterial y secretario de Educaci\u00f3n en el gobierno del morenista Cuitl\u00e1huac Garc\u00eda Jim\u00e9nez. Veracruz a 04 de septiembre de 2026 (adn40).- El diputado federal morenista por Veracruz, Zenyazen Escobar Garc\u00eda fue hallado sin vida la ma\u00f1ana de este viernes en el municipio [&hellip;]<\/p>\n","protected":false},"author":1,"featured_media":33386,"comment_status":"open","ping_status":"open","sticky":false,"template":"","format":"standard","meta":{"footnotes":""},"categories":[28],"tags":[],"class_list":["post-33385","post","type-post","status-publish","format-standard","has-post-thumbnail","hentry","category-nacional"],"_links":{"self":[{"href":"https:\/\/elreporterodelacomunidad.com\/index.php\/wp-json\/wp\/v2\/posts\/33385","targetHints":{"allow":["GET"]}}],"collection":[{"href":"https:\/\/elreporterodelacomunidad.com\/index.php\/wp-json\/wp\/v2\/posts"}],"about":[{"href":"https:\/\/elreporterodelacomunidad.com\/index.php\/wp-json\/wp\/v2\/types\/post"}],"author":[{"embeddable":true,"href":"https:\/\/elreporterodelacomunidad.com\/index.php\/wp-json\/wp\/v2\/users\/1"}],"replies":[{"embeddable":true,"href":"https:\/\/elreporterodelacomunidad.com\/index.php\/wp-json\/wp\/v2\/comments?post=33385"}],"version-history":[{"count":1,"href":"https:\/\/elreporterodelacomunidad.com\/index.php\/wp-json\/wp\/v2\/posts\/33385\/revisions"}],"predecessor-version":[{"id":33387,"href":"https:\/\/elreporterodelacomunidad.com\/index.php\/wp-json\/wp\/v2\/posts\/33385\/revisions\/33387"}],"wp:featuredmedia":[{"embeddable":true,"href":"https:\/\/elreporterodelacomunidad.com\/index.php\/wp-json\/wp\/v2\/media\/33386"}],"wp:attachment":[{"href":"https:\/\/elreporterodelacomunidad.com\/index.php\/wp-json\/wp\/v2\/media?parent=33385"}],"wp:term":[{"taxonomy":"category","embeddable":true,"href":"https:\/\/elreporterodelacomunidad.com\/index.php\/wp-json\/wp\/v2\/categories?post=33385"},{"taxonomy":"post_tag","embeddable":true,"href":"https:\/\/elreporterodelacomunidad.com\/index.php\/wp-json\/wp\/v2\/tags?post=33385"}],"curies":[{"name":"wp","href":"https:\/\/api.w.org\/{rel}","templated":true}]}}