{"id":33378,"date":"2026-09-04T18:53:12","date_gmt":"2026-09-05T01:53:12","guid":{"rendered":"https:\/\/elreporterodelacomunidad.com\/?p=33378"},"modified":"2026-09-04T18:53:12","modified_gmt":"2026-09-05T01:53:12","slug":"detienen-a-un-cuarto-implicado-directamente-por-hechos-registrados-en-el-cum-de-hermosillo","status":"publish","type":"post","link":"https:\/\/elreporterodelacomunidad.com\/index.php\/2026\/09\/04\/detienen-a-un-cuarto-implicado-directamente-por-hechos-registrados-en-el-cum-de-hermosillo\/","title":{"rendered":"Detienen a un cuarto implicado directamente por hechos registrados en el CUM de Hermosillo."},"content":{"rendered":"\n<p class=\"wp-block-paragraph\">Adem\u00e1s de los cuatro detenidos, hay un influencer capturado por una orden de aprehensi\u00f3n relacionada a otro caso.<\/p>\n\n\n\n<p class=\"wp-block-paragraph\">Hermosillo, Sonora a 04 de septiembre de 2026.- Una cuarta persona fue detenida por su presunta participaci\u00f3n en el incendio registrado el pasado 28 de agosto en el Centro de Usos M\u00faltiples (CUM) de Hermosillo, inform\u00f3 este viernes la Fiscal\u00eda General de Justicia del Estado de Sonora (Fgjes).<\/p>\n\n\n\n<p class=\"wp-block-paragraph\">Con esta detenci\u00f3n, suman cuatro personas aseguradas que estar\u00edan relacionadas directamente con los hechos ocurridos en el recinto previo al evento de box Noche Suprema, de acuerdo con el avance informativo dado a conocer por la Fiscal\u00eda.<\/p>\n\n\n\n<p class=\"wp-block-paragraph\">La dependencia se\u00f1al\u00f3 que el cuarto detenido tambi\u00e9n estar\u00eda relacionado con otro asunto, un homicidio intencional ocurrido recientemente en Hermosillo. Actualmente se encuentra a disposici\u00f3n del agente del Ministerio P\u00fablico, quien posteriormente lo pondr\u00e1 a disposici\u00f3n de un juez de Control.<\/p>\n\n\n\n<p class=\"wp-block-paragraph\">La Fgjes inform\u00f3 adem\u00e1s que las tres personas detenidas previamente por estos mismos hechos ser\u00e1n presentadas ante la autoridad judicial en las pr\u00f3ximas horas, donde se realizar\u00e1 la audiencia de formulaci\u00f3n de imputaci\u00f3n para determinar su situaci\u00f3n jur\u00eddica.<\/p>\n\n\n\n<p class=\"wp-block-paragraph\">Ser\u00e1 durante dicha audiencia cuando el Ministerio P\u00fablico exponga ante el juez los datos relacionados con la investigaci\u00f3n y los hechos que se atribuyen a cada uno de los detenidos.<\/p>\n\n\n\n<p class=\"wp-block-paragraph\">La Fiscal\u00eda adelant\u00f3 que, una vez formulada la imputaci\u00f3n, proporcionar\u00e1 informaci\u00f3n detallada sobre las personas involucradas y su probable participaci\u00f3n en los acontecimientos registrados en el CUM, respetando el debido proceso y la presunci\u00f3n de inocencia.<\/p>\n\n\n\n<p class=\"wp-block-paragraph\">En este caso, el fiscal de Sonora, Gustavo R\u00f3mulo Ch\u00e1vez mencion\u00f3 que previamente un influencer tambi\u00e9n fue detenido, pero su captura no obedeci\u00f3 directamente a los hechos ocurridos en el CUM, sino al cumplimiento de una orden de aprehensi\u00f3n que ya se encontraba vigente en su contra por un asunto previo.<\/p>\n\n\n\n<p class=\"wp-block-paragraph\">La investigaci\u00f3n por los acontecimientos del 28 de agosto contin\u00faa en curso, mientras la Fiscal\u00eda re\u00fane y presenta ante la autoridad judicial los elementos necesarios para determinar la situaci\u00f3n jur\u00eddica de los detenidos.<\/p>\n","protected":false},"excerpt":{"rendered":"<p>Adem\u00e1s de los cuatro detenidos, hay un influencer capturado por una orden de aprehensi\u00f3n relacionada a otro caso. Hermosillo, Sonora a 04 de septiembre de 2026.- Una cuarta persona fue detenida por su presunta participaci\u00f3n en el incendio registrado el pasado 28 de agosto en el Centro de Usos M\u00faltiples (CUM) de Hermosillo, inform\u00f3 este [&hellip;]<\/p>\n","protected":false},"author":4,"featured_media":33379,"comment_status":"open","ping_status":"open","sticky":false,"template":"","format":"standard","meta":{"footnotes":""},"categories":[32],"tags":[],"class_list":["post-33378","post","type-post","status-publish","format-standard","has-post-thumbnail","hentry","category-policiaca"],"_links":{"self":[{"href":"https:\/\/elreporterodelacomunidad.com\/index.php\/wp-json\/wp\/v2\/posts\/33378","targetHints":{"allow":["GET"]}}],"collection":[{"href":"https:\/\/elreporterodelacomunidad.com\/index.php\/wp-json\/wp\/v2\/posts"}],"about":[{"href":"https:\/\/elreporterodelacomunidad.com\/index.php\/wp-json\/wp\/v2\/types\/post"}],"author":[{"embeddable":true,"href":"https:\/\/elreporterodelacomunidad.com\/index.php\/wp-json\/wp\/v2\/users\/4"}],"replies":[{"embeddable":true,"href":"https:\/\/elreporterodelacomunidad.com\/index.php\/wp-json\/wp\/v2\/comments?post=33378"}],"version-history":[{"count":1,"href":"https:\/\/elreporterodelacomunidad.com\/index.php\/wp-json\/wp\/v2\/posts\/33378\/revisions"}],"predecessor-version":[{"id":33380,"href":"https:\/\/elreporterodelacomunidad.com\/index.php\/wp-json\/wp\/v2\/posts\/33378\/revisions\/33380"}],"wp:featuredmedia":[{"embeddable":true,"href":"https:\/\/elreporterodelacomunidad.com\/index.php\/wp-json\/wp\/v2\/media\/33379"}],"wp:attachment":[{"href":"https:\/\/elreporterodelacomunidad.com\/index.php\/wp-json\/wp\/v2\/media?parent=33378"}],"wp:term":[{"taxonomy":"category","embeddable":true,"href":"https:\/\/elreporterodelacomunidad.com\/index.php\/wp-json\/wp\/v2\/categories?post=33378"},{"taxonomy":"post_tag","embeddable":true,"href":"https:\/\/elreporterodelacomunidad.com\/index.php\/wp-json\/wp\/v2\/tags?post=33378"}],"curies":[{"name":"wp","href":"https:\/\/api.w.org\/{rel}","templated":true}]}}