{"id":33375,"date":"2026-09-04T18:47:58","date_gmt":"2026-09-05T01:47:58","guid":{"rendered":"https:\/\/elreporterodelacomunidad.com\/?p=33375"},"modified":"2026-09-04T18:47:59","modified_gmt":"2026-09-05T01:47:59","slug":"el-cuidado-de-la-salud-es-un-derecho-que-todo-gobierno-esta-obligado-a-cumplir-como-lo-hacian-los-gobiernos-del-pri-lupita-soto","status":"publish","type":"post","link":"https:\/\/elreporterodelacomunidad.com\/index.php\/2026\/09\/04\/el-cuidado-de-la-salud-es-un-derecho-que-todo-gobierno-esta-obligado-a-cumplir-como-lo-hacian-los-gobiernos-del-pri-lupita-soto\/","title":{"rendered":"El cuidado de la salud es un derecho que todo gobierno est\u00e1 obligado a cumplir, como lo hac\u00edan los gobiernos del PRI: Lupita Soto"},"content":{"rendered":"\n<p class=\"wp-block-paragraph\">Hermosillo, Sonora, 4 de septiembre de 2026.- Una jornada integral de salud dirigida a adultos mayores, llev\u00f3 a cabo PRI Sonora con el objetivo de contribuir en la prevenci\u00f3n, atenci\u00f3n y mejora en su calidad de vida.&nbsp; Durante el evento, al que acudieron cientos de personas, se acercaron servicios de salud, orientaci\u00f3n de diferentes instituciones y especialistas, adem\u00e1s de la conferencia magistral &#8221; La salud en Sonora para adultos mayores&#8221;<\/p>\n\n\n\n<p class=\"wp-block-paragraph\">La Presidenta de PRI Sonora, Lupita Soto, encabez\u00f3 los trabajos, destacando la relevancia que tienen las personas de la tercera edad para la sociedad y para el partido. \u201cEstamos hablando de quienes durante d\u00e9cadas trabajaron, construyeron familias, levantaron comunidades y le dieron grandeza a Sonora, grandeza que ya hace falta recuperar\u201d, destac\u00f3.<\/p>\n\n\n\n<p class=\"wp-block-paragraph\">Las actividades comprendieron atenci\u00f3n y orientaci\u00f3n dental, nutrici\u00f3n, fisioterapia, terapias ocupacionales, talleres y actividades comunitarias, as\u00ed como educaci\u00f3n para adultos, entre otras: La organizaci\u00f3n estuvo a cargo de la Secretaria de Adultos Mayores, Olga Beltr\u00e1n, de la Secretaria de Gesti\u00f3n Social, Beatriz Valdez, del Presidente de Fundaci\u00f3n Colosio, Bulmaro Pacheco y de la Presidenta del Voluntariado, Mely de Pacheco.<\/p>\n\n\n\n<p class=\"wp-block-paragraph\">\u201cEsta Jornada de Salud para adultos mayores es una manera de decirles con hechos que ustedes nos importan, que ustedes cuentan y que merecen ser atendidos con dignidad\u201d, les manifest\u00f3 Soto Holgu\u00edn a las y los asistentes.<\/p>\n\n\n\n<p class=\"wp-block-paragraph\">Al t\u00e9rmino de la jornada, se imparti\u00f3 la conferencia magistral \u201cLa Salud en Sonora para Adultos Mayores\u201d, a cargo de los ex secretarios de Salud de los gobiernos del PRI: Dr. Manuel Robles Linares y Dr. Francisco Javier Muro D\u00e1vila, quienes compartieron experiencias desde a funci\u00f3n p\u00fablica, y c\u00f3mo en el gobierno del PRI, la salud delos mexicanos s\u00ed era prioridad.<\/p>\n\n\n\n<p class=\"wp-block-paragraph\">La dirigente del tricolor, agradeci\u00f3 la asistencia de todos, al mismo tiempo que invit\u00f3 a seguir escuchando y trabajando por la gente. \u201cHay algo que en el PRI siempre tenemos bien claro: la salud no es un privilegio, es un derecho que todo gobierno est\u00e1 obligado a cumplir, como lo hac\u00edan los gobiernos del PRI\u201d, puntualiz\u00f3 Lupita Soto.<\/p>\n","protected":false},"excerpt":{"rendered":"<p>Hermosillo, Sonora, 4 de septiembre de 2026.- Una jornada integral de salud dirigida a adultos mayores, llev\u00f3 a cabo PRI Sonora con el objetivo de contribuir en la prevenci\u00f3n, atenci\u00f3n y mejora en su calidad de vida.&nbsp; Durante el evento, al que acudieron cientos de personas, se acercaron servicios de salud, orientaci\u00f3n de diferentes instituciones [&hellip;]<\/p>\n","protected":false},"author":4,"featured_media":33376,"comment_status":"open","ping_status":"open","sticky":false,"template":"","format":"standard","meta":{"footnotes":""},"categories":[39],"tags":[],"class_list":["post-33375","post","type-post","status-publish","format-standard","has-post-thumbnail","hentry","category-politica"],"_links":{"self":[{"href":"https:\/\/elreporterodelacomunidad.com\/index.php\/wp-json\/wp\/v2\/posts\/33375","targetHints":{"allow":["GET"]}}],"collection":[{"href":"https:\/\/elreporterodelacomunidad.com\/index.php\/wp-json\/wp\/v2\/posts"}],"about":[{"href":"https:\/\/elreporterodelacomunidad.com\/index.php\/wp-json\/wp\/v2\/types\/post"}],"author":[{"embeddable":true,"href":"https:\/\/elreporterodelacomunidad.com\/index.php\/wp-json\/wp\/v2\/users\/4"}],"replies":[{"embeddable":true,"href":"https:\/\/elreporterodelacomunidad.com\/index.php\/wp-json\/wp\/v2\/comments?post=33375"}],"version-history":[{"count":1,"href":"https:\/\/elreporterodelacomunidad.com\/index.php\/wp-json\/wp\/v2\/posts\/33375\/revisions"}],"predecessor-version":[{"id":33377,"href":"https:\/\/elreporterodelacomunidad.com\/index.php\/wp-json\/wp\/v2\/posts\/33375\/revisions\/33377"}],"wp:featuredmedia":[{"embeddable":true,"href":"https:\/\/elreporterodelacomunidad.com\/index.php\/wp-json\/wp\/v2\/media\/33376"}],"wp:attachment":[{"href":"https:\/\/elreporterodelacomunidad.com\/index.php\/wp-json\/wp\/v2\/media?parent=33375"}],"wp:term":[{"taxonomy":"category","embeddable":true,"href":"https:\/\/elreporterodelacomunidad.com\/index.php\/wp-json\/wp\/v2\/categories?post=33375"},{"taxonomy":"post_tag","embeddable":true,"href":"https:\/\/elreporterodelacomunidad.com\/index.php\/wp-json\/wp\/v2\/tags?post=33375"}],"curies":[{"name":"wp","href":"https:\/\/api.w.org\/{rel}","templated":true}]}}