{"id":33371,"date":"2026-09-04T18:10:21","date_gmt":"2026-09-05T01:10:21","guid":{"rendered":"https:\/\/elreporterodelacomunidad.com\/?p=33371"},"modified":"2026-09-04T18:10:21","modified_gmt":"2026-09-05T01:10:21","slug":"logra-sonorense-medalla-de-bronce-en-equipos-en-campeonato-mundial-de-boccia","status":"publish","type":"post","link":"https:\/\/elreporterodelacomunidad.com\/index.php\/2026\/09\/04\/logra-sonorense-medalla-de-bronce-en-equipos-en-campeonato-mundial-de-boccia\/","title":{"rendered":"Logra sonorense medalla de bronce en equipos en Campeonato Mundial de Boccia"},"content":{"rendered":"\n<p class=\"wp-block-paragraph\">Rogelio Alexis Gonz\u00e1lez fue parte de la tercia mexicana que se subi\u00f3 al podio tras obtener la presea de bronce en la categor\u00eda BC1\/2<\/p>\n\n\n\n<p class=\"wp-block-paragraph\">Hermosillo, Sonora, 4 de septiembre del 2026.- El sonorense Rogelio Alexis Gonz\u00e1lez pas\u00f3 a la historia del deporte mexicano al formar parte del equipo azteca que gan\u00f3 la primera medalla en conjunto para nuestro pa\u00eds en un Campeonato Mundial de Boccia, tras conseguir el bronce en la und\u00e9cima edici\u00f3n del certamen efectuado en Se\u00fal, Corea del Sur.<\/p>\n\n\n\n<p class=\"wp-block-paragraph\">Gonz\u00e1lez Quiroz integr\u00f3 la tercia tricolor mixta al lado de Eduardo S\u00e1nchez \u2013medallista de plata Individual en el mismo Mundial- y Karina Mart\u00ednez, quienes lograron una haza\u00f1a incre\u00edble para obtener el bronce en la categor\u00eda BC1\/2, ya que derrotaron al campe\u00f3n paral\u00edmpico, China (Zhang Qi, Lan Zhijian y Yan Zhiqiang), por desempate (2-0), despu\u00e9s de finalizar 2-2 en la tanda regular.<\/p>\n\n\n\n<p class=\"wp-block-paragraph\">El camino hacia el p\u00f3dium empez\u00f3 en la primera ronda, ah\u00ed M\u00e9xico culmin\u00f3 en la segunda posici\u00f3n del Grupo \u201cB\u201d con r\u00e9cord de 2-1 en ganados y perdidos. Los triunfos fueron sobre Espa\u00f1a y Malasia (ambos juegos terminaron 9-3), mientras que el rev\u00e9s (4-8) lo sufrieron ante Indonesia, que a final de cuentas conquist\u00f3 el cetro mundialista.<\/p>\n\n\n\n<p class=\"wp-block-paragraph\">Enseguida, en cuartos de final, los aztecas vencieron 10-3 a Jap\u00f3n para conseguir el avance a la semifinal, aunque en esa etapa cayeron (8-4) de nuevo con los pr\u00f3ximos monarcas mundiales. Posteriormente, en la lucha por el bronce, superaron espectacularmente a los campeones paral\u00edmpicos de Par\u00eds 2024 para agenciarse el metal.<\/p>\n\n\n\n<p class=\"wp-block-paragraph\">De tal forma, tambi\u00e9n recabaron puntos dentro del proceso hacia los Juegos Paral\u00edmpicos Los \u00c1ngeles 2028, adem\u00e1s, la presea de tercer puesto convierte a M\u00e9xico en el mejor equipo de boccia del continente americano en dicha categor\u00eda. El campe\u00f3n y medallista de oro result\u00f3 Indonesia que dobleg\u00f3 (8-4) en la final a Portugal.<\/p>\n\n\n\n<p class=\"wp-block-paragraph\">Por lo tanto, los dos sonorenses que participaron en el Campeonato Mundial de Boccia 2026 tuvieron destacadas actuaciones, pues en el plano individual, Dubier Paredes finaliz\u00f3 en el sexto sitio y Gonz\u00e1lez Quiroz culmin\u00f3 octavo, dentro de la categor\u00eda BC2 varonil. Dentro del cuerpo t\u00e9cnico estuvo el entrenador de Sonora, Carlos Antulio Gonz\u00e1lez, acompa\u00f1ado de Guillermo \u00c1lvarez y Aracely Garza.<\/p>\n","protected":false},"excerpt":{"rendered":"<p>Rogelio Alexis Gonz\u00e1lez fue parte de la tercia mexicana que se subi\u00f3 al podio tras obtener la presea de bronce en la categor\u00eda BC1\/2 Hermosillo, Sonora, 4 de septiembre del 2026.- El sonorense Rogelio Alexis Gonz\u00e1lez pas\u00f3 a la historia del deporte mexicano al formar parte del equipo azteca que gan\u00f3 la primera medalla en [&hellip;]<\/p>\n","protected":false},"author":4,"featured_media":33372,"comment_status":"open","ping_status":"open","sticky":false,"template":"","format":"standard","meta":{"footnotes":""},"categories":[33],"tags":[],"class_list":["post-33371","post","type-post","status-publish","format-standard","has-post-thumbnail","hentry","category-deportes"],"_links":{"self":[{"href":"https:\/\/elreporterodelacomunidad.com\/index.php\/wp-json\/wp\/v2\/posts\/33371","targetHints":{"allow":["GET"]}}],"collection":[{"href":"https:\/\/elreporterodelacomunidad.com\/index.php\/wp-json\/wp\/v2\/posts"}],"about":[{"href":"https:\/\/elreporterodelacomunidad.com\/index.php\/wp-json\/wp\/v2\/types\/post"}],"author":[{"embeddable":true,"href":"https:\/\/elreporterodelacomunidad.com\/index.php\/wp-json\/wp\/v2\/users\/4"}],"replies":[{"embeddable":true,"href":"https:\/\/elreporterodelacomunidad.com\/index.php\/wp-json\/wp\/v2\/comments?post=33371"}],"version-history":[{"count":1,"href":"https:\/\/elreporterodelacomunidad.com\/index.php\/wp-json\/wp\/v2\/posts\/33371\/revisions"}],"predecessor-version":[{"id":33373,"href":"https:\/\/elreporterodelacomunidad.com\/index.php\/wp-json\/wp\/v2\/posts\/33371\/revisions\/33373"}],"wp:featuredmedia":[{"embeddable":true,"href":"https:\/\/elreporterodelacomunidad.com\/index.php\/wp-json\/wp\/v2\/media\/33372"}],"wp:attachment":[{"href":"https:\/\/elreporterodelacomunidad.com\/index.php\/wp-json\/wp\/v2\/media?parent=33371"}],"wp:term":[{"taxonomy":"category","embeddable":true,"href":"https:\/\/elreporterodelacomunidad.com\/index.php\/wp-json\/wp\/v2\/categories?post=33371"},{"taxonomy":"post_tag","embeddable":true,"href":"https:\/\/elreporterodelacomunidad.com\/index.php\/wp-json\/wp\/v2\/tags?post=33371"}],"curies":[{"name":"wp","href":"https:\/\/api.w.org\/{rel}","templated":true}]}}