{"id":33363,"date":"2026-09-04T17:58:25","date_gmt":"2026-09-05T00:58:25","guid":{"rendered":"https:\/\/elreporterodelacomunidad.com\/?p=33363"},"modified":"2026-09-04T17:58:26","modified_gmt":"2026-09-05T00:58:26","slug":"realiza-gobierno-de-hermosillo-597-acciones-durante-jornada-de-salud-en-la-san-benito","status":"publish","type":"post","link":"https:\/\/elreporterodelacomunidad.com\/index.php\/2026\/09\/04\/realiza-gobierno-de-hermosillo-597-acciones-durante-jornada-de-salud-en-la-san-benito\/","title":{"rendered":"Realiza Gobierno de Hermosillo 597 acciones durante Jornada de Salud en la San Benito"},"content":{"rendered":"\n<p class=\"wp-block-paragraph\"><em>Forma parte de la estrategia impulsada por el presidente municipal Antonio Astiazar\u00e1n Guti\u00e9rrez para acercar servicios m\u00e9dicos gratuitos a las colonias.<\/em><\/p>\n\n\n\n<p class=\"wp-block-paragraph\"><strong>Hermosillo, Sonora; 4 de septiembre, 2026.-&nbsp;<\/strong>Un total de 597 acciones de salud preventiva y atenci\u00f3n directa realiz\u00f3 el Ayuntamiento de Hermosillo a trav\u00e9s de la Direcci\u00f3n de Salud Municipal durante la Jornada de Salud en la colonia San Benito, inform\u00f3 Luis Becerra Hurtado, director de la dependencia.<\/p>\n\n\n\n<p class=\"wp-block-paragraph\">Becerra Hurtado destac\u00f3 que esta jornada forma parte de la estrategia impulsada por el presidente municipal Antonio Astiazar\u00e1n Guti\u00e9rrez para acercar servicios m\u00e9dicos gratuitos a las colonias.<\/p>\n\n\n\n<p class=\"wp-block-paragraph\">&nbsp;\u201cFue una jornada muy productiva y cercana a la gente, donde llevamos salud preventiva directamente a las familias de la San Benito\u201d, se\u00f1al\u00f3.<\/p>\n\n\n\n<p class=\"wp-block-paragraph\">En esta \u00fanica jornada se registr\u00f3 a 60 personas, quienes recibieron servicios gratuitos para la detecci\u00f3n oportuna y el cuidado integral.<\/p>\n\n\n\n<p class=\"wp-block-paragraph\">Se llevaron a cabo 55 tomas de presi\u00f3n arterial, 53 de glucosa, 55 de frecuencia cardiaca y 55 de saturaci\u00f3n de ox\u00edgeno, as\u00ed como 16 consultas dentales con instrucci\u00f3n de t\u00e9cnica de cepillado, detecci\u00f3n de placa bacteriana y uso de hilo dental. Adem\u00e1s, se aplicaron 5 vacunas de neumococo y 5 de t\u00e9tanos, se brindaron 5 consultas externas, 11 atenciones de fisioterapia y 50 consultas optom\u00e9tricas con entrega de 67 lentes. La jornada incluy\u00f3 tambi\u00e9n 125 acciones de promoci\u00f3n a la salud, entrega de VSO, 4 pruebas PCR, 3 exploraciones y 1 referencia.<\/p>\n","protected":false},"excerpt":{"rendered":"<p>Forma parte de la estrategia impulsada por el presidente municipal Antonio Astiazar\u00e1n Guti\u00e9rrez para acercar servicios m\u00e9dicos gratuitos a las colonias. Hermosillo, Sonora; 4 de septiembre, 2026.-&nbsp;Un total de 597 acciones de salud preventiva y atenci\u00f3n directa realiz\u00f3 el Ayuntamiento de Hermosillo a trav\u00e9s de la Direcci\u00f3n de Salud Municipal durante la Jornada de Salud [&hellip;]<\/p>\n","protected":false},"author":4,"featured_media":33364,"comment_status":"open","ping_status":"open","sticky":false,"template":"","format":"standard","meta":{"footnotes":""},"categories":[38],"tags":[],"class_list":["post-33363","post","type-post","status-publish","format-standard","has-post-thumbnail","hentry","category-salud"],"_links":{"self":[{"href":"https:\/\/elreporterodelacomunidad.com\/index.php\/wp-json\/wp\/v2\/posts\/33363","targetHints":{"allow":["GET"]}}],"collection":[{"href":"https:\/\/elreporterodelacomunidad.com\/index.php\/wp-json\/wp\/v2\/posts"}],"about":[{"href":"https:\/\/elreporterodelacomunidad.com\/index.php\/wp-json\/wp\/v2\/types\/post"}],"author":[{"embeddable":true,"href":"https:\/\/elreporterodelacomunidad.com\/index.php\/wp-json\/wp\/v2\/users\/4"}],"replies":[{"embeddable":true,"href":"https:\/\/elreporterodelacomunidad.com\/index.php\/wp-json\/wp\/v2\/comments?post=33363"}],"version-history":[{"count":1,"href":"https:\/\/elreporterodelacomunidad.com\/index.php\/wp-json\/wp\/v2\/posts\/33363\/revisions"}],"predecessor-version":[{"id":33365,"href":"https:\/\/elreporterodelacomunidad.com\/index.php\/wp-json\/wp\/v2\/posts\/33363\/revisions\/33365"}],"wp:featuredmedia":[{"embeddable":true,"href":"https:\/\/elreporterodelacomunidad.com\/index.php\/wp-json\/wp\/v2\/media\/33364"}],"wp:attachment":[{"href":"https:\/\/elreporterodelacomunidad.com\/index.php\/wp-json\/wp\/v2\/media?parent=33363"}],"wp:term":[{"taxonomy":"category","embeddable":true,"href":"https:\/\/elreporterodelacomunidad.com\/index.php\/wp-json\/wp\/v2\/categories?post=33363"},{"taxonomy":"post_tag","embeddable":true,"href":"https:\/\/elreporterodelacomunidad.com\/index.php\/wp-json\/wp\/v2\/tags?post=33363"}],"curies":[{"name":"wp","href":"https:\/\/api.w.org\/{rel}","templated":true}]}}