{"id":33360,"date":"2026-09-04T17:30:11","date_gmt":"2026-09-05T00:30:11","guid":{"rendered":"https:\/\/elreporterodelacomunidad.com\/?p=33360"},"modified":"2026-09-04T17:30:11","modified_gmt":"2026-09-05T00:30:11","slug":"la-exposicion-tiburones-llega-a-hermosillo-para-romper-los-mitos-alrededor-de-esta-especie","status":"publish","type":"post","link":"https:\/\/elreporterodelacomunidad.com\/index.php\/2026\/09\/04\/la-exposicion-tiburones-llega-a-hermosillo-para-romper-los-mitos-alrededor-de-esta-especie\/","title":{"rendered":"La exposici\u00f3n TIBURONES llega a Hermosillo, para romper los mitos alrededor de esta especie"},"content":{"rendered":"\n<p class=\"wp-block-paragraph\">Inaugura To\u00f1o Astiazar\u00e1n la exposici\u00f3n internacional TIBURONES, en alianza con Fundaci\u00f3n Coppel.<\/p>\n\n\n\n<p class=\"wp-block-paragraph\">La exposici\u00f3n, proveniente del Museo Americano de Historia Natural de Nueva York e impulsada por Fundaci\u00f3n Coppel, permanecer\u00e1 hasta el 31 de diciembre en MUSAS.<\/p>\n\n\n\n<p class=\"wp-block-paragraph\">Cuenta con 700 metros cuadrados y re\u00fane cuatro secciones tem\u00e1ticas, 22 fotograf\u00edas, cuatro infograf\u00edas, cuatro v\u00eddeos y experiencias interactivas.<\/p>\n\n\n\n<p class=\"wp-block-paragraph\">Hermosillo, Sonora; 4 de septiembre, 2026.- Las familias de Hermosillo&nbsp; podr\u00e1n disfrutar de la exposici\u00f3n internacional TIBURONES, inaugurada en el Museo de Arte de Sonora (MUSAS), como resultado de la colaboraci\u00f3n entre el Gobierno Municipal encabezado por el presidente Antonio Astiazar\u00e1n Guti\u00e9rrez y Fundaci\u00f3n Coppel.<\/p>\n\n\n\n<p class=\"wp-block-paragraph\">Acompa\u00f1ado por Mar\u00eda In\u00e9s Aceves, L\u00edder de Espacios P\u00fablicos y Cultura de Fundaci\u00f3n Coppel; Oscar Gast\u00e9lum, director de la Agencia Municipal de Desarrollo Econ\u00f3mico; Fernanda Cisneros, directora de Desarrollo Tur\u00edstico; Beatriz Aldaco, directora del Instituto Sonorense de Cultura y Patricia Ruibal, presidenta de DIF Hermosillo, To\u00f1o Astiazar\u00e1n destac\u00f3 que la exposici\u00f3n es resultado de una visi\u00f3n que busca posicionar a la ciudad como sede de actividades de gran nivel y ofrecer nuevas experiencias para sus habitantes.<\/p>\n\n\n\n<p class=\"wp-block-paragraph\">\u201cNosotros en el Gobierno Municipal somos un gobierno que ama al planeta, y que quiere que el planeta se conserve cada vez mejor, cada vez m\u00e1s limpio, cada vez m\u00e1s amigable, para que cuando ustedes sean grandes ustedes a su vez lo cuiden, lo protejan y tambi\u00e9n lo garanticen como un mejor mundo para sus hijas, hijos y nietos\u201d, expres\u00f3 el presidente municipal, Antonio Astiazar\u00e1n ante ni\u00f1as y ni\u00f1os que asistieron a la exposici\u00f3n.<\/p>\n\n\n\n<p class=\"wp-block-paragraph\">Por su parte, Mar\u00eda In\u00e9s Aceves, L\u00edder de Espacios P\u00fablicos y Cultura de Fundaci\u00f3n Coppel, expres\u00f3 que esta organizaci\u00f3n es una asociaci\u00f3n civil que tiene como misi\u00f3n contribuir a generar oportunidades para mejorar la calidad de vida de las personas e impulsar la movilidad social.<\/p>\n\n\n\n<p class=\"wp-block-paragraph\">Comparti\u00f3 que: \u201cEn Fundaci\u00f3n Coppel creemos en la capacidad que tienen la cultura y el conocimiento para acercarnos a nuevas formas de comprender la realidad. Eso es lo que nos impulsa a colaborar con organizaciones que comparten con nosotros los mismos objetivos, como son el Museo de Historia Natural y Cultura Ambiental de la Ciudad de M\u00e9xico, el American Museum of Natural History de Nueva York y, por supuesto, el Museo de Arte de Sonora, que hoy abre sus puertas para compartir este extraordinario trabajo con las familias sonorenses\u201d.<\/p>\n\n\n\n<p class=\"wp-block-paragraph\">La muestra, desarrollada originalmente por el Museo Americano de Historia Natural de Nueva York y presentada en M\u00e9xico por Fundaci\u00f3n Coppel en colaboraci\u00f3n con el Museo de Historia Natural y Cultura Ambiental de la Ciudad de M\u00e9xico (MHNCA), ocupa cerca de 700 metros cuadrados y re\u00fane cuatro secciones tem\u00e1ticas, 22 fotograf\u00edas, cuatro infograf\u00edas, cuatro videos y experiencias interactivas.<\/p>\n\n\n\n<p class=\"wp-block-paragraph\">Esta exposici\u00f3n consta de cuatro m\u00f3dulos tem\u00e1ticos: 1. Evoluci\u00f3n 2. Diversidad 3. Caracter\u00edsticas y 4. Conservaci\u00f3n, los cuales se acompa\u00f1an de importantes piezas de la colecci\u00f3n del MHNCA y de diversos investigadores especialistas en el tema. Los visitantes podr\u00e1n admirar una r\u00e9plica hist\u00f3rica de mand\u00edbula de megalod\u00f3n, comparar las mand\u00edbulas de 12 especies de tiburones para distinguir sus dientes y tama\u00f1os.<\/p>\n\n\n\n<p class=\"wp-block-paragraph\">Adem\u00e1s, es posible apreciar embriones de tibur\u00f3n, descubrir c\u00f3mo luce la fluorescencia de ejemplares de profundidad a trav\u00e9s de im\u00e1genes de video en su h\u00e1bitat natural, y conocer el sistema de georeferencia magn\u00e9tica que usan para navegar por el mar.<\/p>\n\n\n\n<p class=\"wp-block-paragraph\">A esta exposici\u00f3n se suma AS\u00cd por los Tiburones, que celebra y reivindica a esta especie. La muestra fotogr\u00e1fica es una iniciativa de Fundaci\u00f3n Coppel y tiene como objetivo difundir la relevancia de la conservaci\u00f3n de los tiburones y destacar la biodiversidad que existe en M\u00e9xico, especialmente en el Mar de Cort\u00e9s. AS\u00cd por los Tiburones re\u00fane im\u00e1genes del bi\u00f3logo y fot\u00f3grafo Octavio Aburto y del fot\u00f3grafo Hussain Aga Khan, con contenidos de los divulgadores de la ciencia Carol Perelman, Lourdes Pati\u00f1o y Jorge Padilla de Fibonacci Innovaci\u00f3n y Cultura Cient\u00edfica.<\/p>\n\n\n\n<p class=\"wp-block-paragraph\">Como parte de la programaci\u00f3n complementaria, cada jueves se desarrollan talleres y actividades para ni\u00f1as, ni\u00f1os y familias, con propuestas de reciclaje, literatura creativa, pintura, juegos, b\u00fasqueda del tesoro y din\u00e1micas relacionadas con los tiburones y los ecosistemas marinos.<\/p>\n\n\n\n<p class=\"wp-block-paragraph\">Participan dependencias municipales como Servicios P\u00fablicos, Instituto Hermosillense de la Juventud, Agua de Hermosillo, Instituto Municipal de Cultura y Arte y Participaci\u00f3n Ciudadana, que acercan actividades educativas y experiencias a distintos sectores de la comunidad.<\/p>\n\n\n\n<p class=\"wp-block-paragraph\">La exposici\u00f3n permanecer\u00e1 hasta el 31 de diciembre en un horario de mi\u00e9rcoles a domingo de 10:00 AM a 5:00 PM. La entrada general tiene un costo de 30 pesos, estudiantes y personas adultas mayores pagan 15 pesos; los domingos la entrada ser\u00e1 gratuita.<\/p>\n\n\n\n<p class=\"wp-block-paragraph\">ACERCA DEL MUSEO AMERICANO DE HISTORIA NATURAL (AMNH)<\/p>\n\n\n\n<p class=\"wp-block-paragraph\">El Museo Americano de Historia Natural en la ciudad de Nueva York, fundado en 1869 con la doble misi\u00f3n de investigaci\u00f3n cient\u00edfica y educaci\u00f3n cient\u00edfica, es una de las instituciones cient\u00edficas, educativas y culturales m\u00e1s destacadas del mundo. El Museo abarca m\u00e1s de 40 salas de exposiciones permanentes, galer\u00edas para exposiciones temporales, el Centro Rose para la Tierra y el Espacio, que incluye el Planetario Hayden, y el Centro Richard Gilder para la Ciencia, la Educaci\u00f3n y la Innovaci\u00f3n. Los cient\u00edficos del Museo se basan en una colecci\u00f3n de investigaci\u00f3n de clase mundial con m\u00e1s de 30 millones de espec\u00edmenes y objetos, algunos de los cuales tienen miles de millones de a\u00f1os de antig\u00fcedad, y en una de las bibliotecas de historia natural m\u00e1s grandes del mundo. A trav\u00e9s de su Escuela de Posgrado Richard Gilder, el Museo ofrece dos de los \u00fanicos programas independientes y con la capacidad de otorgar grados en cualquier museo de los Estados Unidos: el grado de Doctor en Biolog\u00eda Comparativa y el t\u00edtulo de Maestr\u00eda en Artes de la Ense\u00f1anza (MAT) en Ciencias de la Tierra. Visite amnh.org para obtener m\u00e1s informaci\u00f3n.<\/p>\n\n\n\n<p class=\"wp-block-paragraph\">ACERCA DE FUNDACI\u00d3N COPPEL<\/p>\n\n\n\n<p class=\"wp-block-paragraph\">Asociaci\u00f3n Civil dedicada a contribuir activamente en la generaci\u00f3n de oportunidades para mejorar la calidad de vida de las personas y promover la movilidad social para que todas las mexicanas y mexicanos puedan convertirse en agentes transformadores de cambio en su vida y en la comunidad. Fundaci\u00f3n Coppel tiene cuatro l\u00edneas de acci\u00f3n clave: Educaci\u00f3n y Liderazgo, Desarrollo Econ\u00f3mico y Social, Espacios P\u00fablicos y Cultura y Atenci\u00f3n a Desastres y Emergencias. M\u00e1s informaci\u00f3n: Fundacioncoppel.org<\/p>\n\n\n\n<p class=\"wp-block-paragraph\">ACERCA DEL MUSEO DE HISTORIA NATURAL Y CULTURA AMBIENTAL<\/p>\n\n\n\n<p class=\"wp-block-paragraph\">El Museo de Historia Natural y Cultura Ambiental (MHNCA) fue inaugurado en 1964 y ha sido un espacio emblem\u00e1tico para la divulgaci\u00f3n de ciencias y una fuente de inspiraci\u00f3n de vocaciones cient\u00edficas en j\u00f3venes, ni\u00f1os y ni\u00f1as por m\u00e1s de seis d\u00e9cadas.&nbsp; Su peculiar arquitectura basada en c\u00fapulas de colores, que asemejan a una reproducci\u00f3n celular, fue dise\u00f1ada por el Arquitecto Le\u00f3nides Guadarrama y hoy es reconocida por el Instituto Nacional de Bellas Artes y Literatura como parte del patrimonio arquitect\u00f3nico de la Ciudad de M\u00e9xico caracter\u00edstico de los a\u00f1os sesenta.<\/p>\n\n\n\n<p class=\"wp-block-paragraph\">Es un espacio de encuentro, accesible a todas las personas, que promueve la exploraci\u00f3n del patrimonio bajo su resguardo, el cual consta de m\u00e1s de 2,700 piezas de exhibici\u00f3n entre las que se incluyen taxidermias, f\u00f3siles, minerales, invertebrados, r\u00e9plicas, herbarios y una importante colecci\u00f3n cient\u00edfica, la Colecci\u00f3n Nacional de Insectos \u201cDr. Alfredo Barrera Mar\u00edn\u201d con m\u00e1s de 60,000 espec\u00edmenes de M\u00e9xico y de otras regiones del mundo. Adem\u00e1s, el MHNCA tiene bajo su resguardo la obra pl\u00e1stica la fuente de Tl\u00e1loc y el mural de El agua origen de la vida en la Tierra, ambas del artista Diego Rivera, ubicadas en el C\u00e1rcamo de Dolores y el Centro de Cultura Ambiental Chapultepec un espacio de reciente creaci\u00f3n dedicado a los temas ambientales prioritarios de la ciudad y del Bosque de Chapultepec.<\/p>\n\n\n\n<p class=\"wp-block-paragraph\">Para mayor informaci\u00f3n consulta nuestras redes sociales, Facebook: Museo de Historia Natural, X: MHNCA_CDMX, Instagram: MHNCA y TikTok: @museohistorianaturalcdmx, sitio web data.sedema.cdmx.gob.mx\/museodehistorianatural<\/p>\n\n\n\n<p class=\"wp-block-paragraph\">ACERCA DEL MUSEO MUSAS<\/p>\n\n\n\n<p class=\"wp-block-paragraph\">El Museo de Arte de Sonora del Instituto Sonorense de Cultura es un espacio de encuentro y reflexi\u00f3n sobre el arte y la cultura. Inaugurado en septiembre de 2009, el Museo naci\u00f3 con el prop\u00f3sito de impulsar el crecimiento cultural y art\u00edstico de la regi\u00f3n, convirti\u00e9ndose r\u00e1pidamente en un referente para la promoci\u00f3n de las artes en el noroeste de M\u00e9xico. Ubicado en Hermosillo, Sonora, el edificio que alberga al museo fue dise\u00f1ado por arquitectos sonorenses, quienes crearon un espacio que fusiona modernidad y funcionalidad para proporcionar un entorno ideal para la exhibici\u00f3n y apreciaci\u00f3n art\u00edstica.<\/p>\n\n\n\n<p class=\"wp-block-paragraph\">Con cerca de 5 mil metros cuadrados de construcci\u00f3n, el Museo de Arte de Sonora se erige como un complejo cultural de gran relevancia, con diversas \u00e1reas destinadas a la exposici\u00f3n, el aprendizaje y la interacci\u00f3n con la comunidad. En sus salas alberga una amplia colecci\u00f3n de obras que incluyen piezas donadas por artistas visionarios, formando un verdadero tesoro art\u00edstico que refleja la diversidad de las expresiones creativas contempor\u00e1neas.<\/p>\n\n\n\n<p class=\"wp-block-paragraph\">Adem\u00e1s, el Museo ofrece una programaci\u00f3n continua que incluye exposiciones temporales, conferencias, seminarios, talleres, conciertos y ciclos de cine, lo que lo convierte en un espacio din\u00e1mico y en constante evoluci\u00f3n. Sus objetivos son promover y ejecutar programas y proyectos estrat\u00e9gicos que faciliten la pr\u00e1ctica y apreciaci\u00f3n de las artes y la cultura, fomentar el intercambio art\u00edstico y cultural con instituciones p\u00fablicas y privadas a nivel nacional e internacional, fortalecer a las personas mediante experiencias formativas y significativas, y proporcionar un di\u00e1logo visual entre expresiones art\u00edsticas nacionales e internacionales, promoviendo la reflexi\u00f3n y el entendimiento intercultural.<\/p>\n","protected":false},"excerpt":{"rendered":"<p>Inaugura To\u00f1o Astiazar\u00e1n la exposici\u00f3n internacional TIBURONES, en alianza con Fundaci\u00f3n Coppel. La exposici\u00f3n, proveniente del Museo Americano de Historia Natural de Nueva York e impulsada por Fundaci\u00f3n Coppel, permanecer\u00e1 hasta el 31 de diciembre en MUSAS. Cuenta con 700 metros cuadrados y re\u00fane cuatro secciones tem\u00e1ticas, 22 fotograf\u00edas, cuatro infograf\u00edas, cuatro v\u00eddeos y experiencias [&hellip;]<\/p>\n","protected":false},"author":4,"featured_media":33361,"comment_status":"open","ping_status":"open","sticky":false,"template":"","format":"standard","meta":{"footnotes":""},"categories":[34,26],"tags":[],"class_list":["post-33360","post","type-post","status-publish","format-standard","has-post-thumbnail","hentry","category-general","category-principal"],"_links":{"self":[{"href":"https:\/\/elreporterodelacomunidad.com\/index.php\/wp-json\/wp\/v2\/posts\/33360","targetHints":{"allow":["GET"]}}],"collection":[{"href":"https:\/\/elreporterodelacomunidad.com\/index.php\/wp-json\/wp\/v2\/posts"}],"about":[{"href":"https:\/\/elreporterodelacomunidad.com\/index.php\/wp-json\/wp\/v2\/types\/post"}],"author":[{"embeddable":true,"href":"https:\/\/elreporterodelacomunidad.com\/index.php\/wp-json\/wp\/v2\/users\/4"}],"replies":[{"embeddable":true,"href":"https:\/\/elreporterodelacomunidad.com\/index.php\/wp-json\/wp\/v2\/comments?post=33360"}],"version-history":[{"count":1,"href":"https:\/\/elreporterodelacomunidad.com\/index.php\/wp-json\/wp\/v2\/posts\/33360\/revisions"}],"predecessor-version":[{"id":33362,"href":"https:\/\/elreporterodelacomunidad.com\/index.php\/wp-json\/wp\/v2\/posts\/33360\/revisions\/33362"}],"wp:featuredmedia":[{"embeddable":true,"href":"https:\/\/elreporterodelacomunidad.com\/index.php\/wp-json\/wp\/v2\/media\/33361"}],"wp:attachment":[{"href":"https:\/\/elreporterodelacomunidad.com\/index.php\/wp-json\/wp\/v2\/media?parent=33360"}],"wp:term":[{"taxonomy":"category","embeddable":true,"href":"https:\/\/elreporterodelacomunidad.com\/index.php\/wp-json\/wp\/v2\/categories?post=33360"},{"taxonomy":"post_tag","embeddable":true,"href":"https:\/\/elreporterodelacomunidad.com\/index.php\/wp-json\/wp\/v2\/tags?post=33360"}],"curies":[{"name":"wp","href":"https:\/\/api.w.org\/{rel}","templated":true}]}}