{"id":33356,"date":"2026-09-04T17:24:55","date_gmt":"2026-09-05T00:24:55","guid":{"rendered":"https:\/\/elreporterodelacomunidad.com\/?p=33356"},"modified":"2026-09-04T17:24:57","modified_gmt":"2026-09-05T00:24:57","slug":"inaugura-universidad-de-sonora-el-x-congreso-de-odontologia-2026","status":"publish","type":"post","link":"https:\/\/elreporterodelacomunidad.com\/index.php\/2026\/09\/04\/inaugura-universidad-de-sonora-el-x-congreso-de-odontologia-2026\/","title":{"rendered":"Inaugura Universidad de Sonora el X Congreso de Odontolog\u00eda 2026"},"content":{"rendered":"\n<p class=\"wp-block-paragraph\">El encuentro acad\u00e9mico se realiza los d\u00edas 4 y 5 de septiembre en el Centro de las Artes y re\u00fane a docentes, especialistas y estudiantes.<\/p>\n\n\n\n<p class=\"wp-block-paragraph\">Hermosillo, Sonora, a 4 de septiembre de 2026.- Con una nutrida asistencia de estudiantes enfocados en fortalecer su preparaci\u00f3n y mantenerse actualizados ante los retos de la profesi\u00f3n, inici\u00f3 en la Universidad de Sonora el X Congreso de Odontolog\u00eda (COUS) 2026. Durante los d\u00edas 4 y 5 de septiembre, el encuentro ofrece conferencias, talleres, concurso de carteles y actividades recreativas orientadas al desarrollo integral de las y los futuros profesionales de la salud.<\/p>\n\n\n\n<p class=\"wp-block-paragraph\">Al inaugurar las jornadas acad\u00e9micas en el Sal\u00f3n de Convenciones del Centro de las Artes, Juan Carlos G\u00e1lvez Ruiz, director Administrativo del Campus Hermosillo \u2014en representaci\u00f3n de la rectora Dena Mar\u00eda Camarena G\u00f3mez\u2014, dio la bienvenida a los asistentes y destac\u00f3 que este congreso refleja el compromiso de la comunidad universitaria con la excelencia acad\u00e9mica y la formaci\u00f3n continua.<\/p>\n\n\n\n<p class=\"wp-block-paragraph\">Se\u00f1al\u00f3 que el evento facilita el intercambio de conocimientos e innovaci\u00f3n en un campo en constante transformaci\u00f3n, gracias al esfuerzo conjunto de estudiantes, docentes, organizadores y especialistas. Asimismo, record\u00f3 que la odontolog\u00eda combina ciencia, tecnolog\u00eda y vocaci\u00f3n de servicio, por lo que este tipo de espacios permite fortalecer competencias con un profundo sentido \u00e9tico y humano.<\/p>\n\n\n\n<p class=\"wp-block-paragraph\">G\u00e1lvez Ruiz resalt\u00f3 adem\u00e1s el compromiso de la comunidad universitaria al llevar sus conocimientos m\u00e1s all\u00e1 del aula a trav\u00e9s de brigadas y actividades que atienden a sectores vulnerables. Finalmente, exhort\u00f3 a las y los j\u00f3venes a aprovechar al m\u00e1ximo la experiencia acad\u00e9mica impartida por los especialistas invitados.<\/p>\n\n\n\n<p class=\"wp-block-paragraph\">Por su parte, Adyeri Mariana Ochoa Coronel, presidenta de la Sociedad Estudiantil de Odontolog\u00eda, expres\u00f3 el orgullo de consolidar un proyecto respaldado por el trabajo en equipo del alumnado. Destac\u00f3 que la organizaci\u00f3n del congreso represent\u00f3 una valiosa experiencia formativa para enfrentar retos profesionales y construir redes de colaboraci\u00f3n a futuro. Agreg\u00f3 que la formaci\u00f3n del odont\u00f3logo inicia desde el primer contacto con los pacientes, al aprender a escuchar y comprender sus necesidades cl\u00ednicas de manera emp\u00e1tica.<\/p>\n\n\n\n<p class=\"wp-block-paragraph\">En la ceremonia de apertura particip\u00f3 tambi\u00e9n Lisette Mar\u00eda Burgos Villaescusa, directora general de Registro, Certificaci\u00f3n y Servicios a Profesionistas de la Secretar\u00eda de Educaci\u00f3n y Cultura del Estado (SEC), quien enfatiz\u00f3 la importancia de asumir la educaci\u00f3n continua desde la etapa universitaria para garantizar un servicio de calidad a la sociedad.<\/p>\n\n\n\n<p class=\"wp-block-paragraph\">En el pres\u00eddium estuvo presente Jos\u00e9 Francisco Lam F\u00e9lix, coordinador de la Licenciatura en Odontolog\u00eda, junto a autoridades universitarias, docentes y representantes del sector educativo y de la salud. Para conocer el programa detallado de actividades, la comunidad puede consultar las redes sociales oficiales de la Sociedad Estudiantil en Instagram (@seo.unison). <\/p>\n\n\n\n<p class=\"has-text-align-center wp-block-paragraph\"><img loading=\"lazy\" decoding=\"async\" width=\"500\" height=\"333\" class=\"wp-image-33358\" style=\"width: 500px;\" src=\"https:\/\/elreporterodelacomunidad.com\/wp-content\/uploads\/2026\/09\/49b1fd86-7e5a-46f0-b04f-ef6040d1b2b3.jpg\" alt=\"\" srcset=\"https:\/\/elreporterodelacomunidad.com\/wp-content\/uploads\/2026\/09\/49b1fd86-7e5a-46f0-b04f-ef6040d1b2b3.jpg 1920w, https:\/\/elreporterodelacomunidad.com\/wp-content\/uploads\/2026\/09\/49b1fd86-7e5a-46f0-b04f-ef6040d1b2b3-300x200.jpg 300w, https:\/\/elreporterodelacomunidad.com\/wp-content\/uploads\/2026\/09\/49b1fd86-7e5a-46f0-b04f-ef6040d1b2b3-1024x683.jpg 1024w, https:\/\/elreporterodelacomunidad.com\/wp-content\/uploads\/2026\/09\/49b1fd86-7e5a-46f0-b04f-ef6040d1b2b3-768x512.jpg 768w, https:\/\/elreporterodelacomunidad.com\/wp-content\/uploads\/2026\/09\/49b1fd86-7e5a-46f0-b04f-ef6040d1b2b3-1536x1024.jpg 1536w, https:\/\/elreporterodelacomunidad.com\/wp-content\/uploads\/2026\/09\/49b1fd86-7e5a-46f0-b04f-ef6040d1b2b3-750x500.jpg 750w, https:\/\/elreporterodelacomunidad.com\/wp-content\/uploads\/2026\/09\/49b1fd86-7e5a-46f0-b04f-ef6040d1b2b3-1140x760.jpg 1140w\" sizes=\"auto, (max-width: 500px) 100vw, 500px\" \/><\/p>\n","protected":false},"excerpt":{"rendered":"<p>El encuentro acad\u00e9mico se realiza los d\u00edas 4 y 5 de septiembre en el Centro de las Artes y re\u00fane a docentes, especialistas y estudiantes. Hermosillo, Sonora, a 4 de septiembre de 2026.- Con una nutrida asistencia de estudiantes enfocados en fortalecer su preparaci\u00f3n y mantenerse actualizados ante los retos de la profesi\u00f3n, inici\u00f3 en [&hellip;]<\/p>\n","protected":false},"author":4,"featured_media":33357,"comment_status":"open","ping_status":"open","sticky":false,"template":"","format":"standard","meta":{"footnotes":""},"categories":[38],"tags":[],"class_list":["post-33356","post","type-post","status-publish","format-standard","has-post-thumbnail","hentry","category-salud"],"_links":{"self":[{"href":"https:\/\/elreporterodelacomunidad.com\/index.php\/wp-json\/wp\/v2\/posts\/33356","targetHints":{"allow":["GET"]}}],"collection":[{"href":"https:\/\/elreporterodelacomunidad.com\/index.php\/wp-json\/wp\/v2\/posts"}],"about":[{"href":"https:\/\/elreporterodelacomunidad.com\/index.php\/wp-json\/wp\/v2\/types\/post"}],"author":[{"embeddable":true,"href":"https:\/\/elreporterodelacomunidad.com\/index.php\/wp-json\/wp\/v2\/users\/4"}],"replies":[{"embeddable":true,"href":"https:\/\/elreporterodelacomunidad.com\/index.php\/wp-json\/wp\/v2\/comments?post=33356"}],"version-history":[{"count":1,"href":"https:\/\/elreporterodelacomunidad.com\/index.php\/wp-json\/wp\/v2\/posts\/33356\/revisions"}],"predecessor-version":[{"id":33359,"href":"https:\/\/elreporterodelacomunidad.com\/index.php\/wp-json\/wp\/v2\/posts\/33356\/revisions\/33359"}],"wp:featuredmedia":[{"embeddable":true,"href":"https:\/\/elreporterodelacomunidad.com\/index.php\/wp-json\/wp\/v2\/media\/33357"}],"wp:attachment":[{"href":"https:\/\/elreporterodelacomunidad.com\/index.php\/wp-json\/wp\/v2\/media?parent=33356"}],"wp:term":[{"taxonomy":"category","embeddable":true,"href":"https:\/\/elreporterodelacomunidad.com\/index.php\/wp-json\/wp\/v2\/categories?post=33356"},{"taxonomy":"post_tag","embeddable":true,"href":"https:\/\/elreporterodelacomunidad.com\/index.php\/wp-json\/wp\/v2\/tags?post=33356"}],"curies":[{"name":"wp","href":"https:\/\/api.w.org\/{rel}","templated":true}]}}