{"id":33353,"date":"2026-09-04T17:18:36","date_gmt":"2026-09-05T00:18:36","guid":{"rendered":"https:\/\/elreporterodelacomunidad.com\/?p=33353"},"modified":"2026-09-04T17:18:36","modified_gmt":"2026-09-05T00:18:36","slug":"ues-fortalece-transporte-para-estudiantes-de-san-luis-rio-colorado-con-nuevas-unidades","status":"publish","type":"post","link":"https:\/\/elreporterodelacomunidad.com\/index.php\/2026\/09\/04\/ues-fortalece-transporte-para-estudiantes-de-san-luis-rio-colorado-con-nuevas-unidades\/","title":{"rendered":"UES fortalece transporte para estudiantes de San Luis R\u00edo Colorado con nuevas unidades"},"content":{"rendered":"\n<p class=\"wp-block-paragraph\"><strong>San Luis R\u00edo Colorado, Sonora; 4 de septiembre de 2026<\/strong>.- El Gobierno de Sonora realiz\u00f3 la entrega simb\u00f3lica de un cami\u00f3n y una camioneta Urban, ambos modelos 2026, destinados al traslado de estudiantes de la Universidad Estatal de Sonora (UES) que viven en el Valle de San Luis.<\/p>\n\n\n\n<p class=\"wp-block-paragraph\">La entrega responde a una solicitud planteada desde hace a\u00f1os por la comunidad universitaria, ante la necesidad de renovar las unidades utilizadas para estos recorridos.<\/p>\n\n\n\n<p class=\"wp-block-paragraph\">Con los nuevos veh\u00edculos, las y los estudiantes contar\u00e1n con transporte en condiciones m\u00e1s dignas, seguras y climatizadas, especialmente importantes ante las altas temperaturas que se registran en la regi\u00f3n.<\/p>\n\n\n\n<p class=\"wp-block-paragraph\">La rectora de la UES, Martha Patricia Pati\u00f1o Fierro, destac\u00f3 que la respuesta institucional super\u00f3 la petici\u00f3n original, al concretarse no solo la incorporaci\u00f3n de un nuevo cami\u00f3n, sino tambi\u00e9n de una camioneta Urban, con lo que se fortalece la capacidad de atenci\u00f3n y movilidad para estudiantes que se trasladan desde distintas comunidades del Valle de San Luis.<\/p>\n\n\n\n<p class=\"wp-block-paragraph\">Asimismo, como resultado de las gestiones realizadas por la rectora, se contempla la entrega de unidades de transporte para las dem\u00e1s Unidades Acad\u00e9micas de la UES, con el prop\u00f3sito de fortalecer la movilidad estudiantil y mejorar las condiciones de traslado de las y los j\u00f3venes en las distintas regiones del estado.<\/p>\n\n\n\n<p class=\"wp-block-paragraph\">Posteriormente, en el marco del V Informe del gobernador Alfonso Durazo, la rectora encabez\u00f3 la asamblea informativa \u201cSonora se transforma\u201d en UES San Luis R\u00edo Colorado, donde present\u00f3 a la comunidad universitaria resultados del Gobierno de Sonora en educaci\u00f3n, salud, bienestar, infraestructura y seguridad.<\/p>\n","protected":false},"excerpt":{"rendered":"<p>San Luis R\u00edo Colorado, Sonora; 4 de septiembre de 2026.- El Gobierno de Sonora realiz\u00f3 la entrega simb\u00f3lica de un cami\u00f3n y una camioneta Urban, ambos modelos 2026, destinados al traslado de estudiantes de la Universidad Estatal de Sonora (UES) que viven en el Valle de San Luis. La entrega responde a una solicitud planteada [&hellip;]<\/p>\n","protected":false},"author":4,"featured_media":33354,"comment_status":"open","ping_status":"open","sticky":false,"template":"","format":"standard","meta":{"footnotes":""},"categories":[36],"tags":[],"class_list":["post-33353","post","type-post","status-publish","format-standard","has-post-thumbnail","hentry","category-educacion"],"_links":{"self":[{"href":"https:\/\/elreporterodelacomunidad.com\/index.php\/wp-json\/wp\/v2\/posts\/33353","targetHints":{"allow":["GET"]}}],"collection":[{"href":"https:\/\/elreporterodelacomunidad.com\/index.php\/wp-json\/wp\/v2\/posts"}],"about":[{"href":"https:\/\/elreporterodelacomunidad.com\/index.php\/wp-json\/wp\/v2\/types\/post"}],"author":[{"embeddable":true,"href":"https:\/\/elreporterodelacomunidad.com\/index.php\/wp-json\/wp\/v2\/users\/4"}],"replies":[{"embeddable":true,"href":"https:\/\/elreporterodelacomunidad.com\/index.php\/wp-json\/wp\/v2\/comments?post=33353"}],"version-history":[{"count":1,"href":"https:\/\/elreporterodelacomunidad.com\/index.php\/wp-json\/wp\/v2\/posts\/33353\/revisions"}],"predecessor-version":[{"id":33355,"href":"https:\/\/elreporterodelacomunidad.com\/index.php\/wp-json\/wp\/v2\/posts\/33353\/revisions\/33355"}],"wp:featuredmedia":[{"embeddable":true,"href":"https:\/\/elreporterodelacomunidad.com\/index.php\/wp-json\/wp\/v2\/media\/33354"}],"wp:attachment":[{"href":"https:\/\/elreporterodelacomunidad.com\/index.php\/wp-json\/wp\/v2\/media?parent=33353"}],"wp:term":[{"taxonomy":"category","embeddable":true,"href":"https:\/\/elreporterodelacomunidad.com\/index.php\/wp-json\/wp\/v2\/categories?post=33353"},{"taxonomy":"post_tag","embeddable":true,"href":"https:\/\/elreporterodelacomunidad.com\/index.php\/wp-json\/wp\/v2\/tags?post=33353"}],"curies":[{"name":"wp","href":"https:\/\/api.w.org\/{rel}","templated":true}]}}