{"id":33350,"date":"2026-09-04T17:16:30","date_gmt":"2026-09-05T00:16:30","guid":{"rendered":"https:\/\/elreporterodelacomunidad.com\/?p=33350"},"modified":"2026-09-04T17:16:31","modified_gmt":"2026-09-05T00:16:31","slug":"estudiante-del-itescan-participa-en-encuentro-nacional-de-arte-y-cultura","status":"publish","type":"post","link":"https:\/\/elreporterodelacomunidad.com\/index.php\/2026\/09\/04\/estudiante-del-itescan-participa-en-encuentro-nacional-de-arte-y-cultura\/","title":{"rendered":"Estudiante del Itescan participa en Encuentro Nacional de Arte y Cultura"},"content":{"rendered":"\n<p class=\"wp-block-paragraph\"><strong>Cananea, Sonora; 4 de septiembre de 2026<\/strong>.-&nbsp;Joselyn Villa Mart\u00ednez, alumna de la carrera de Gesti\u00f3n Empresarial en el Instituto Tecnol\u00f3gico Superior de Cananea (Itescan) representa a Sonora en el XLII Encuentro Nacional de Arte y Cultura (ENAC 2026), organizado por el Tecnol\u00f3gico Nacional de M\u00e9xico (TecNM).<\/p>\n\n\n\n<p class=\"wp-block-paragraph\">Acompa\u00f1ada por Edna Borb\u00f3n y el docente Crist\u00f3bal Copetillo, la estudiante fue seleccionada para participar en la disciplina de fotograf\u00eda, en el evento que re\u00fane a m\u00e1s de mil 600 j\u00f3venes estudiantes procedentes de todo el pa\u00eds.<\/p>\n\n\n\n<p class=\"wp-block-paragraph\">La directora general del Itescan, Nancy Mar\u00eda D\u00e1vila Rodr\u00edguez, refrend\u00f3 el compromiso del Gobierno de Sonora de continuar impulsando la participaci\u00f3n de las y los universitarios en espacios nacionales como el que se realiza en el Tecnol\u00f3gico de Estudios Superiores de Cuautitl\u00e1n Izcalli.<\/p>\n\n\n\n<p class=\"wp-block-paragraph\">Enfatiz\u00f3 que a trav\u00e9s de las expresiones art\u00edsticas y culturales se fortalece la formaci\u00f3n integral de los futuros profesionistas, mediante un enfoque educativo que busca el desarrollo completo del ser humano, utilizando la expresi\u00f3n creativa y la identidad como pilares fundamentales para el aprendizaje.<\/p>\n\n\n\n<p class=\"wp-block-paragraph\">El ENAC 2026 es considerado uno de los eventos m\u00e1s importantes para la promoci\u00f3n del talento juvenil, ya que incluye muestras de danza folkl\u00f3rica, m\u00fasica (popular, folkl\u00f3rica y acad\u00e9mica), teatro, creaci\u00f3n literaria, artes pl\u00e1sticas, escultura y fotograf\u00eda.<\/p>\n","protected":false},"excerpt":{"rendered":"<p>Cananea, Sonora; 4 de septiembre de 2026.-&nbsp;Joselyn Villa Mart\u00ednez, alumna de la carrera de Gesti\u00f3n Empresarial en el Instituto Tecnol\u00f3gico Superior de Cananea (Itescan) representa a Sonora en el XLII Encuentro Nacional de Arte y Cultura (ENAC 2026), organizado por el Tecnol\u00f3gico Nacional de M\u00e9xico (TecNM). Acompa\u00f1ada por Edna Borb\u00f3n y el docente Crist\u00f3bal Copetillo, [&hellip;]<\/p>\n","protected":false},"author":4,"featured_media":33351,"comment_status":"open","ping_status":"open","sticky":false,"template":"","format":"standard","meta":{"footnotes":""},"categories":[41],"tags":[],"class_list":["post-33350","post","type-post","status-publish","format-standard","has-post-thumbnail","hentry","category-cultura"],"_links":{"self":[{"href":"https:\/\/elreporterodelacomunidad.com\/index.php\/wp-json\/wp\/v2\/posts\/33350","targetHints":{"allow":["GET"]}}],"collection":[{"href":"https:\/\/elreporterodelacomunidad.com\/index.php\/wp-json\/wp\/v2\/posts"}],"about":[{"href":"https:\/\/elreporterodelacomunidad.com\/index.php\/wp-json\/wp\/v2\/types\/post"}],"author":[{"embeddable":true,"href":"https:\/\/elreporterodelacomunidad.com\/index.php\/wp-json\/wp\/v2\/users\/4"}],"replies":[{"embeddable":true,"href":"https:\/\/elreporterodelacomunidad.com\/index.php\/wp-json\/wp\/v2\/comments?post=33350"}],"version-history":[{"count":1,"href":"https:\/\/elreporterodelacomunidad.com\/index.php\/wp-json\/wp\/v2\/posts\/33350\/revisions"}],"predecessor-version":[{"id":33352,"href":"https:\/\/elreporterodelacomunidad.com\/index.php\/wp-json\/wp\/v2\/posts\/33350\/revisions\/33352"}],"wp:featuredmedia":[{"embeddable":true,"href":"https:\/\/elreporterodelacomunidad.com\/index.php\/wp-json\/wp\/v2\/media\/33351"}],"wp:attachment":[{"href":"https:\/\/elreporterodelacomunidad.com\/index.php\/wp-json\/wp\/v2\/media?parent=33350"}],"wp:term":[{"taxonomy":"category","embeddable":true,"href":"https:\/\/elreporterodelacomunidad.com\/index.php\/wp-json\/wp\/v2\/categories?post=33350"},{"taxonomy":"post_tag","embeddable":true,"href":"https:\/\/elreporterodelacomunidad.com\/index.php\/wp-json\/wp\/v2\/tags?post=33350"}],"curies":[{"name":"wp","href":"https:\/\/api.w.org\/{rel}","templated":true}]}}