{"id":33344,"date":"2026-09-04T17:10:34","date_gmt":"2026-09-05T00:10:34","guid":{"rendered":"https:\/\/elreporterodelacomunidad.com\/?p=33344"},"modified":"2026-09-04T17:10:35","modified_gmt":"2026-09-05T00:10:35","slug":"sonora-alcanza-un-nuevo-maximo-en-bienestar-laboral","status":"publish","type":"post","link":"https:\/\/elreporterodelacomunidad.com\/index.php\/2026\/09\/04\/sonora-alcanza-un-nuevo-maximo-en-bienestar-laboral\/","title":{"rendered":"Sonora alcanza un nuevo m\u00e1ximo en bienestar laboral"},"content":{"rendered":"\n<p class=\"wp-block-paragraph\">Registr\u00f3 la cifra m\u00e1s baja en pobreza laboral de los \u00faltimos 10 a\u00f1os, durante el segundo trimestre de 2026.<\/p>\n\n\n\n<p class=\"wp-block-paragraph\">Hermosillo, Sonora a 04 de septiembre de 2026.- Como resultado de la pol\u00edtica econ\u00f3mica impulsada por el gobernador Alfonso Durazo Monta\u00f1o, enfocada en la atracci\u00f3n de nuevas inversiones y la generaci\u00f3n de oportunidades laborales, Sonora registr\u00f3 en el segundo trimestre de 2026 el nivel m\u00e1s bajo de pobreza laboral desde el inicio de la serie de medici\u00f3n en 2016, al ubicarse en 22.5 por ciento, de acuerdo con cifras del Instituto Nacional de Estad\u00edstica y Geograf\u00eda (INEGI).<\/p>\n\n\n\n<p class=\"wp-block-paragraph\">El mandatario estatal se\u00f1al\u00f3 que este resultado representa una reducci\u00f3n de 5.4 puntos porcentuales respecto al mismo periodo de 2025, cuando el indicador se ubic\u00f3 en 27.9 por ciento. Asimismo, frente al primer trimestre de 2026, la pobreza laboral disminuy\u00f3 2 puntos porcentuales, al pasar de 24.5 a 22.5 por ciento.<\/p>\n\n\n\n<p class=\"wp-block-paragraph\">La mejora de este indicador se acompa\u00f1a de un crecimiento significativo en el ingreso laboral real per c\u00e1pita, que durante el segundo trimestre de 2026 alcanz\u00f3 los 4 mil 456.88 pesos, lo que representa un incremento anual de 13.5 por ciento, equivalente a 528.39 pesos adicionales por persona respecto al mismo periodo de 2025.<\/p>\n\n\n\n<p class=\"wp-block-paragraph\">El comportamiento positivo tambi\u00e9n se reflej\u00f3 en los ingresos laborales promedio de mujeres y hombres, con incrementos de 6.6 y 8.9 por ciento, respectivamente.<\/p>\n\n\n\n<p class=\"wp-block-paragraph\">De acuerdo con la informaci\u00f3n del INEGI, la mejora fue generalizada en la actividad econ\u00f3mica estatal, ya que nueve de los 11 sectores econ\u00f3micos de Sonora registraron incrementos en el ingreso laboral promedio de las personas trabajadoras.<\/p>\n\n\n\n<p class=\"wp-block-paragraph\">Asimismo, entre los sectores con mayores avances destaca el de Transportes, comunicaciones, correo y almacenamiento, que present\u00f3 un crecimiento de 19.3 por ciento, equivalente a un incremento promedio de 2 mil 175.91 pesos.<\/p>\n\n\n\n<p class=\"wp-block-paragraph\">Tambi\u00e9n, la Industria extractiva y de la electricidad registr\u00f3 un aumento de mil 937.29 pesos en el ingreso laboral promedio, mientras que Servicios sociales y Servicios diversos reportaron incrementos de mil 141.76 y mil 125.31 pesos, respectivamente.<\/p>\n\n\n\n<p class=\"wp-block-paragraph\">Otro dato relevante es el crecimiento de 46.9 por ciento en la suma total de los ingresos laborales de la poblaci\u00f3n ocupada en Sonora, que alcanz\u00f3 los 12 mil 693.56 millones de pesos durante el segundo trimestre de 2026, un aumento de 4 mil 55.30 millones de pesos respecto al mismo periodo del a\u00f1o anterior.<\/p>\n\n\n\n<p class=\"wp-block-paragraph\">Estos resultados reflejan una evoluci\u00f3n favorable de las condiciones laborales y del poder adquisitivo de las y los trabajadores sonorenses, al combinar una reducci\u00f3n hist\u00f3rica de la pobreza laboral con un crecimiento sostenido de los ingresos.<\/p>\n\n\n\n<p class=\"wp-block-paragraph\">El Gobierno de Sonora refrenda su compromiso de continuar impulsando pol\u00edticas y acciones que contribuyan a fortalecer el empleo formal, mejorar las condiciones laborales y generar mayores oportunidades de bienestar para las familias sonorenses.<\/p>\n","protected":false},"excerpt":{"rendered":"<p>Registr\u00f3 la cifra m\u00e1s baja en pobreza laboral de los \u00faltimos 10 a\u00f1os, durante el segundo trimestre de 2026. Hermosillo, Sonora a 04 de septiembre de 2026.- Como resultado de la pol\u00edtica econ\u00f3mica impulsada por el gobernador Alfonso Durazo Monta\u00f1o, enfocada en la atracci\u00f3n de nuevas inversiones y la generaci\u00f3n de oportunidades laborales, Sonora registr\u00f3 [&hellip;]<\/p>\n","protected":false},"author":4,"featured_media":33345,"comment_status":"open","ping_status":"open","sticky":false,"template":"","format":"standard","meta":{"footnotes":""},"categories":[42],"tags":[],"class_list":["post-33344","post","type-post","status-publish","format-standard","has-post-thumbnail","hentry","category-economia"],"_links":{"self":[{"href":"https:\/\/elreporterodelacomunidad.com\/index.php\/wp-json\/wp\/v2\/posts\/33344","targetHints":{"allow":["GET"]}}],"collection":[{"href":"https:\/\/elreporterodelacomunidad.com\/index.php\/wp-json\/wp\/v2\/posts"}],"about":[{"href":"https:\/\/elreporterodelacomunidad.com\/index.php\/wp-json\/wp\/v2\/types\/post"}],"author":[{"embeddable":true,"href":"https:\/\/elreporterodelacomunidad.com\/index.php\/wp-json\/wp\/v2\/users\/4"}],"replies":[{"embeddable":true,"href":"https:\/\/elreporterodelacomunidad.com\/index.php\/wp-json\/wp\/v2\/comments?post=33344"}],"version-history":[{"count":1,"href":"https:\/\/elreporterodelacomunidad.com\/index.php\/wp-json\/wp\/v2\/posts\/33344\/revisions"}],"predecessor-version":[{"id":33346,"href":"https:\/\/elreporterodelacomunidad.com\/index.php\/wp-json\/wp\/v2\/posts\/33344\/revisions\/33346"}],"wp:featuredmedia":[{"embeddable":true,"href":"https:\/\/elreporterodelacomunidad.com\/index.php\/wp-json\/wp\/v2\/media\/33345"}],"wp:attachment":[{"href":"https:\/\/elreporterodelacomunidad.com\/index.php\/wp-json\/wp\/v2\/media?parent=33344"}],"wp:term":[{"taxonomy":"category","embeddable":true,"href":"https:\/\/elreporterodelacomunidad.com\/index.php\/wp-json\/wp\/v2\/categories?post=33344"},{"taxonomy":"post_tag","embeddable":true,"href":"https:\/\/elreporterodelacomunidad.com\/index.php\/wp-json\/wp\/v2\/tags?post=33344"}],"curies":[{"name":"wp","href":"https:\/\/api.w.org\/{rel}","templated":true}]}}