{"id":33340,"date":"2026-09-04T16:49:09","date_gmt":"2026-09-04T23:49:09","guid":{"rendered":"https:\/\/elreporterodelacomunidad.com\/?p=33340"},"modified":"2026-09-04T16:49:10","modified_gmt":"2026-09-04T23:49:10","slug":"medio-maraton-rio-sonora-el-evento-que-marco-una-pauta-en-las-carreras-de-fondo-en-la-entidad","status":"publish","type":"post","link":"https:\/\/elreporterodelacomunidad.com\/index.php\/2026\/09\/04\/medio-maraton-rio-sonora-el-evento-que-marco-una-pauta-en-las-carreras-de-fondo-en-la-entidad\/","title":{"rendered":"Medio Marat\u00f3n R\u00edo Sonora, el evento que marco una pauta en las carreras de fondo en la entidad."},"content":{"rendered":"\n<p class=\"wp-block-paragraph\">Hermosillo, Sonora a 04 de septiembre de 2026.-Se avecina el 21K Trail R\u00edo Sonora qu\u00e9 es su nombre t\u00e9cnico, sin embargo es m\u00e1s popularmente conocido como el Medio Marat\u00f3n R\u00edo Sonora. La fecha para este 2026 es el 20 de septiembre. Los municipios particularmente favorecidos con las ruta de la carrera son Ac\u00f3nchi, San Felipe de Jes\u00fas, Hu\u00e9pac y Ban\u00e1michi; sin embargo todos los dem\u00e1s municipios de la hermosa Ruta del R\u00edo Sonora de ven directa o indirectamente favorecidos.<\/p>\n\n\n\n<p class=\"wp-block-paragraph\">Este evento se origin\u00f3 con el prop\u00f3sito de potenciar tur\u00edsticamente la zona y generar derrama econ\u00f3mica para los habitantes de los Pueblos de los municipios involucrados. A diferencia de otros eventos, en donde los municipios aportan recursos econ\u00f3micos para la realizaci\u00f3n de carreras y maratones, este evento no lo hace, y por el contrario busca llevar y generar derrama en la zona con la presencia de participantes y acompa\u00f1antes a el evento.<\/p>\n\n\n\n<p class=\"wp-block-paragraph\">Algunas cosas que han marcado la pauta en eventos de este tipo en Sonora son:<\/p>\n\n\n\n<p class=\"wp-block-paragraph\">\u25aa\ufe0fEl de mayor competitividad que ha tenido el estado de Sonora: El el 2023 participaron 5 atletas ol\u00edmpicos mexicanos y 14 atletas de la comunidad Keniata. Adem\u00e1s 214 personas tuvieron un est\u00edmulo econ\u00f3mico a su esfuerzo desde ganadores absolutos hasta ganadores por categor\u00edas en todas las distancias y todas las categor\u00edas.<\/p>\n\n\n\n<p class=\"wp-block-paragraph\">\u25aa\ufe0fMarc\u00f3 tendencia: en ese mismo 2023 se implement\u00f3 por primera vez la modalidad &#8220;vaquera&#8221; con una playera dry fit y con accesorios que marcaban y homenajeban la cultura y ra\u00edces de las y los sonorenses. Algo que hoy est\u00e1 muy de moda.<\/p>\n\n\n\n<p class=\"wp-block-paragraph\">\u25aa\ufe0fPremios y reconocimiento: en el 2022 y 2023, fue el evento campo travieza con mayor bolsa de premiaci\u00f3n en M\u00e9xico y el TOP 5 a nivel nacional entre eventos de Marat\u00f3n y Medio Maratones en el pa\u00eds.<\/p>\n\n\n\n<p class=\"wp-block-paragraph\">Este a\u00f1o, la distancia de 21K tendr\u00e1 salida en Ban\u00e1michi a las 6:30am, mientras que las distancias de 5K y 10K, la salida ser\u00e1 en Ac\u00f3nchi a las 7am. La Meta para todas las distancias ser\u00e1 en San Felipe de Jes\u00fas. Le entrega del Kit de competidor ser\u00e1 el s\u00e1bado 19 de septiembre en Ac\u00f3nchi de 3pm a 7pm en la Plaza C\u00edvica. En esta edici\u00f3n los participantes podr\u00e1n tener elementos alusivos a la identidad sonorenses. La camisa dry fit y la medalla, resalta la cultura vaquera de la zona. Las inscripciones pueden hacerse en el WhatsApp 662 399 0193 y www.trizon.mx. En redes sociales se puede obtener mayor informaci\u00f3n en Instagram y Facebook en Medio Marat\u00f3n R\u00edo Sonora.<\/p>\n\n\n\n<p class=\"has-text-align-center wp-block-paragraph\"><img loading=\"lazy\" decoding=\"async\" width=\"400\" height=\"441\" class=\"wp-image-33342\" style=\"width: 400px;\" src=\"https:\/\/elreporterodelacomunidad.com\/wp-content\/uploads\/2026\/09\/36102d68-b7a2-4675-bd12-6b22a8950ffc.jpg\" alt=\"\" srcset=\"https:\/\/elreporterodelacomunidad.com\/wp-content\/uploads\/2026\/09\/36102d68-b7a2-4675-bd12-6b22a8950ffc.jpg 1451w, https:\/\/elreporterodelacomunidad.com\/wp-content\/uploads\/2026\/09\/36102d68-b7a2-4675-bd12-6b22a8950ffc-272x300.jpg 272w, https:\/\/elreporterodelacomunidad.com\/wp-content\/uploads\/2026\/09\/36102d68-b7a2-4675-bd12-6b22a8950ffc-929x1024.jpg 929w, https:\/\/elreporterodelacomunidad.com\/wp-content\/uploads\/2026\/09\/36102d68-b7a2-4675-bd12-6b22a8950ffc-768x847.jpg 768w, https:\/\/elreporterodelacomunidad.com\/wp-content\/uploads\/2026\/09\/36102d68-b7a2-4675-bd12-6b22a8950ffc-1393x1536.jpg 1393w, https:\/\/elreporterodelacomunidad.com\/wp-content\/uploads\/2026\/09\/36102d68-b7a2-4675-bd12-6b22a8950ffc-750x827.jpg 750w, https:\/\/elreporterodelacomunidad.com\/wp-content\/uploads\/2026\/09\/36102d68-b7a2-4675-bd12-6b22a8950ffc-1140x1257.jpg 1140w\" sizes=\"auto, (max-width: 400px) 100vw, 400px\" \/><\/p>\n","protected":false},"excerpt":{"rendered":"<p>Hermosillo, Sonora a 04 de septiembre de 2026.-Se avecina el 21K Trail R\u00edo Sonora qu\u00e9 es su nombre t\u00e9cnico, sin embargo es m\u00e1s popularmente conocido como el Medio Marat\u00f3n R\u00edo Sonora. La fecha para este 2026 es el 20 de septiembre. Los municipios particularmente favorecidos con las ruta de la carrera son Ac\u00f3nchi, San Felipe [&hellip;]<\/p>\n","protected":false},"author":4,"featured_media":33341,"comment_status":"open","ping_status":"open","sticky":false,"template":"","format":"standard","meta":{"footnotes":""},"categories":[33],"tags":[],"class_list":["post-33340","post","type-post","status-publish","format-standard","has-post-thumbnail","hentry","category-deportes"],"_links":{"self":[{"href":"https:\/\/elreporterodelacomunidad.com\/index.php\/wp-json\/wp\/v2\/posts\/33340","targetHints":{"allow":["GET"]}}],"collection":[{"href":"https:\/\/elreporterodelacomunidad.com\/index.php\/wp-json\/wp\/v2\/posts"}],"about":[{"href":"https:\/\/elreporterodelacomunidad.com\/index.php\/wp-json\/wp\/v2\/types\/post"}],"author":[{"embeddable":true,"href":"https:\/\/elreporterodelacomunidad.com\/index.php\/wp-json\/wp\/v2\/users\/4"}],"replies":[{"embeddable":true,"href":"https:\/\/elreporterodelacomunidad.com\/index.php\/wp-json\/wp\/v2\/comments?post=33340"}],"version-history":[{"count":1,"href":"https:\/\/elreporterodelacomunidad.com\/index.php\/wp-json\/wp\/v2\/posts\/33340\/revisions"}],"predecessor-version":[{"id":33343,"href":"https:\/\/elreporterodelacomunidad.com\/index.php\/wp-json\/wp\/v2\/posts\/33340\/revisions\/33343"}],"wp:featuredmedia":[{"embeddable":true,"href":"https:\/\/elreporterodelacomunidad.com\/index.php\/wp-json\/wp\/v2\/media\/33341"}],"wp:attachment":[{"href":"https:\/\/elreporterodelacomunidad.com\/index.php\/wp-json\/wp\/v2\/media?parent=33340"}],"wp:term":[{"taxonomy":"category","embeddable":true,"href":"https:\/\/elreporterodelacomunidad.com\/index.php\/wp-json\/wp\/v2\/categories?post=33340"},{"taxonomy":"post_tag","embeddable":true,"href":"https:\/\/elreporterodelacomunidad.com\/index.php\/wp-json\/wp\/v2\/tags?post=33340"}],"curies":[{"name":"wp","href":"https:\/\/api.w.org\/{rel}","templated":true}]}}