{"id":33334,"date":"2026-09-03T23:49:23","date_gmt":"2026-09-04T06:49:23","guid":{"rendered":"https:\/\/elreporterodelacomunidad.com\/?p=33334"},"modified":"2026-09-03T23:49:24","modified_gmt":"2026-09-04T06:49:24","slug":"arranca-modernizacion-de-carretera-sonoyta-penasco-con-inversion-de-mil-800-millones","status":"publish","type":"post","link":"https:\/\/elreporterodelacomunidad.com\/index.php\/2026\/09\/03\/arranca-modernizacion-de-carretera-sonoyta-penasco-con-inversion-de-mil-800-millones\/","title":{"rendered":"Arranca modernizaci\u00f3n de carretera Sonoyta-Pe\u00f1asco con inversi\u00f3n de mil 800 millones"},"content":{"rendered":"\n<p class=\"wp-block-paragraph\">Como resultado de las gestiones del gobernador de Sonora ante la presidenta Claudia Sheinbaum, el presupuesto de esta obra increment\u00f3 de 450 millones de pesos a mil 800 millones de pesos.<\/p>\n\n\n\n<p class=\"wp-block-paragraph\">Esta rehabilitaci\u00f3n fortalecer\u00e1 la seguridad vial y conectividad de la regi\u00f3n, adem\u00e1s de impulsar el turismo y el desarrollo econ\u00f3mico.<\/p>\n\n\n\n<p class=\"wp-block-paragraph\">Puerto Pe\u00f1asco, Sonora; 3 de septiembre de 2026.- Con una inversi\u00f3n de mil 800 millones de pesos, respaldada por la presidenta Claudia Sheinbaum, el gobernador Alfonso Durazo Monta\u00f1o, en coordinaci\u00f3n con la Secretar\u00eda de Infraestructura, Comunicaciones y Transportes (SICT), dio el banderazo de arranque a la modernizaci\u00f3n de la carretera Sonoyta-Puerto Pe\u00f1asco, una obra de conectividad terrestre que impulsa el desarrollo del turismo y la econom\u00eda en la regi\u00f3n.<\/p>\n\n\n\n<p class=\"wp-block-paragraph\">El mandatario estatal, durante el arranque de la obra, junto al subsecretario de Infraestructura de la SICT Juan Carlos Fuentes Orrala y al director general del Centro SICT en Sonora M\u00e1ximo Moscoso Pintado, destac\u00f3 que esta obra es resultado de las gestiones realizadas ante el Gobierno de M\u00e9xico, mediante las cuales se logr\u00f3 ampliar de 450 a mil 800 millones de pesos el presupuesto originalmente contemplado para trabajos de reparaci\u00f3n de esta importante v\u00eda.<\/p>\n\n\n\n<p class=\"wp-block-paragraph\">\u201cEsta carretera no solo es seguridad, es econom\u00eda, es turismo, y la econom\u00eda el turismo aqu\u00ed en Puerto Pe\u00f1asco sabemos que se traduce autom\u00e1ticamente en bienestar, pero tambi\u00e9n es generaci\u00f3n de fuentes de empleo, particularmente la construcci\u00f3n, porque representa esta carretera una inversi\u00f3n de mil 800 millones de pesos, no se consiguen todos los d\u00edas\u201d, indic\u00f3.<\/p>\n\n\n\n<p class=\"wp-block-paragraph\">Juan Carlos Fuentes Orrala, subsecretario de Infraestructura de la SICT, resalt\u00f3 que se trata de una carretera que ofrece movilidad y desarrollo, para que los productos puedan llegar m\u00e1s r\u00e1pido a los mercados, que el turismo pueda crecer, que las empresas cuenten con mejores condiciones para invertir, y las familias puedan trasladarse con mayor seguridad.<\/p>\n\n\n\n<p class=\"wp-block-paragraph\">El gobernador Durazo a\u00f1adi\u00f3 que, tambi\u00e9n se intervendr\u00e1n el bulevar de acceso de puerto Pe\u00f1asco as\u00ed como la vialidad que dirige a la garita de Lukeville en Sonoyta, d\u00e1ndole mayor relevancia a la obra.<\/p>\n\n\n\n<p class=\"wp-block-paragraph\">La modernizaci\u00f3n de esta carretera consta del mejoramiento de poco m\u00e1s de 88 kil\u00f3metros en el tramo Sonoyta-Puerto Pe\u00f1asco, con un beneficio directo para 165 mil habitantes de la regi\u00f3n.<\/p>\n\n\n\n<p class=\"wp-block-paragraph\">Estuvieron presentes: Alejandro Verdugo Angulo, presidente municipal de Puerto Pe\u00f1asco; Jos\u00e9 Antonio Ram\u00edrez, director ejecutivo de la direcci\u00f3n general de carreteras; Franco Reyes Severiano; director general de la Subsecretar\u00eda de Infraestructura; Uriel L\u00f3pez R\u00edos, presidente municipal de General Plutarco El\u00edas Calles; Manuel Baldenebro Arredondo, diputado federal; y Rub\u00e9n Refugio Gonz\u00e1lez Aguayo, diputado local.<\/p>\n\n\n\n<p class=\"has-text-align-center wp-block-paragraph\"><img loading=\"lazy\" decoding=\"async\" width=\"500\" height=\"281\" class=\"wp-image-33336\" style=\"width: 500px;\" src=\"https:\/\/elreporterodelacomunidad.com\/wp-content\/uploads\/2026\/09\/3e8aca90-545e-4b94-a5e8-275f32b7c32b.jpg\" alt=\"\" srcset=\"https:\/\/elreporterodelacomunidad.com\/wp-content\/uploads\/2026\/09\/3e8aca90-545e-4b94-a5e8-275f32b7c32b.jpg 1280w, https:\/\/elreporterodelacomunidad.com\/wp-content\/uploads\/2026\/09\/3e8aca90-545e-4b94-a5e8-275f32b7c32b-300x169.jpg 300w, https:\/\/elreporterodelacomunidad.com\/wp-content\/uploads\/2026\/09\/3e8aca90-545e-4b94-a5e8-275f32b7c32b-1024x576.jpg 1024w, https:\/\/elreporterodelacomunidad.com\/wp-content\/uploads\/2026\/09\/3e8aca90-545e-4b94-a5e8-275f32b7c32b-768x432.jpg 768w, https:\/\/elreporterodelacomunidad.com\/wp-content\/uploads\/2026\/09\/3e8aca90-545e-4b94-a5e8-275f32b7c32b-750x422.jpg 750w, https:\/\/elreporterodelacomunidad.com\/wp-content\/uploads\/2026\/09\/3e8aca90-545e-4b94-a5e8-275f32b7c32b-1140x641.jpg 1140w\" sizes=\"auto, (max-width: 500px) 100vw, 500px\" \/><\/p>\n","protected":false},"excerpt":{"rendered":"<p>Como resultado de las gestiones del gobernador de Sonora ante la presidenta Claudia Sheinbaum, el presupuesto de esta obra increment\u00f3 de 450 millones de pesos a mil 800 millones de pesos. Esta rehabilitaci\u00f3n fortalecer\u00e1 la seguridad vial y conectividad de la regi\u00f3n, adem\u00e1s de impulsar el turismo y el desarrollo econ\u00f3mico. Puerto Pe\u00f1asco, Sonora; 3 [&hellip;]<\/p>\n","protected":false},"author":4,"featured_media":33335,"comment_status":"open","ping_status":"open","sticky":false,"template":"","format":"standard","meta":{"footnotes":""},"categories":[42],"tags":[],"class_list":["post-33334","post","type-post","status-publish","format-standard","has-post-thumbnail","hentry","category-economia"],"_links":{"self":[{"href":"https:\/\/elreporterodelacomunidad.com\/index.php\/wp-json\/wp\/v2\/posts\/33334","targetHints":{"allow":["GET"]}}],"collection":[{"href":"https:\/\/elreporterodelacomunidad.com\/index.php\/wp-json\/wp\/v2\/posts"}],"about":[{"href":"https:\/\/elreporterodelacomunidad.com\/index.php\/wp-json\/wp\/v2\/types\/post"}],"author":[{"embeddable":true,"href":"https:\/\/elreporterodelacomunidad.com\/index.php\/wp-json\/wp\/v2\/users\/4"}],"replies":[{"embeddable":true,"href":"https:\/\/elreporterodelacomunidad.com\/index.php\/wp-json\/wp\/v2\/comments?post=33334"}],"version-history":[{"count":1,"href":"https:\/\/elreporterodelacomunidad.com\/index.php\/wp-json\/wp\/v2\/posts\/33334\/revisions"}],"predecessor-version":[{"id":33337,"href":"https:\/\/elreporterodelacomunidad.com\/index.php\/wp-json\/wp\/v2\/posts\/33334\/revisions\/33337"}],"wp:featuredmedia":[{"embeddable":true,"href":"https:\/\/elreporterodelacomunidad.com\/index.php\/wp-json\/wp\/v2\/media\/33335"}],"wp:attachment":[{"href":"https:\/\/elreporterodelacomunidad.com\/index.php\/wp-json\/wp\/v2\/media?parent=33334"}],"wp:term":[{"taxonomy":"category","embeddable":true,"href":"https:\/\/elreporterodelacomunidad.com\/index.php\/wp-json\/wp\/v2\/categories?post=33334"},{"taxonomy":"post_tag","embeddable":true,"href":"https:\/\/elreporterodelacomunidad.com\/index.php\/wp-json\/wp\/v2\/tags?post=33334"}],"curies":[{"name":"wp","href":"https:\/\/api.w.org\/{rel}","templated":true}]}}