{"id":33327,"date":"2026-09-03T23:36:15","date_gmt":"2026-09-04T06:36:15","guid":{"rendered":"https:\/\/elreporterodelacomunidad.com\/?p=33327"},"modified":"2026-09-03T23:36:16","modified_gmt":"2026-09-04T06:36:16","slug":"setur-impulsa-quinta-edicion-de-la-gran-carrera-del-desierto-con-participacion-de-12-paises","status":"publish","type":"post","link":"https:\/\/elreporterodelacomunidad.com\/index.php\/2026\/09\/03\/setur-impulsa-quinta-edicion-de-la-gran-carrera-del-desierto-con-participacion-de-12-paises\/","title":{"rendered":"Setur impulsa quinta edici\u00f3n de la Gran Carrera del Desierto con participaci\u00f3n de 12 pa\u00edses"},"content":{"rendered":"\n<p class=\"wp-block-paragraph\">Hermosillo, Sonora; 3 de septiembre de 2026.- Bajo el impulso del gobernador Alfonso Durazo a trav\u00e9s de la Secretar\u00eda de Econom\u00eda y Turismo (SETUR), Sonora se prepara para recibir la quinta edici\u00f3n de la Gran Carrera del Desierto, una de las experiencias de trail running m\u00e1s importantes de M\u00e9xico, esperando m\u00e1s de 600 corredoras y corredores.<\/p>\n\n\n\n<p class=\"wp-block-paragraph\">El secretario de SETUR, Roberto Gradillas Pineda, destac\u00f3 que este evento programado para el 24 de octubre contempla a participantes de 12 distintos pa\u00edses, fortaleciendo la estrategia del Gobierno de Sonora para posicionar al estado como un destino de turismo de aventura, naturaleza y deporte, aprovechando escenarios \u00fanicos como el Gran Desierto de Altar y la regi\u00f3n del Mar de Cort\u00e9s.<\/p>\n\n\n\n<p class=\"wp-block-paragraph\">\u201cLa Gran Carrera del Desierto representa una oportunidad extraordinaria para mostrar al mundo la riqueza natural de Sonora y, al mismo tiempo, generar nuevas experiencias para quienes nos visitan; con el liderazgo del gobernador Alfonso Durazo, seguimos impulsando eventos que proyectan a nuestro estado internacionalmente y que contribuyen a la actividad econ\u00f3mica de las comunidades\u201d, se\u00f1al\u00f3.<\/p>\n\n\n\n<p class=\"wp-block-paragraph\">Las y los participantes recorrer\u00e1n rutas de 50K, 25K, 10K y 5K, en categor\u00edas femenil y varonil, con divisiones generales para competidores de hasta 44 a\u00f1os, y \u201cmaster\u201d para quienes tienen 45 a\u00f1os o m\u00e1s. Estos recorridos atravesar\u00e1n dunas, paisajes des\u00e9rticos y zonas de gran biodiversidad, con la cercan\u00eda del Mar de Cort\u00e9s como parte del escenario natural.<\/p>\n\n\n\n<p class=\"wp-block-paragraph\">Con esta edici\u00f3n de la Gran Carrera del Desierto, el Gobierno de Sonora refrenda su compromiso de diversificar la oferta tur\u00edstica y fortalecer el turismo de aventura y deportivo, generando adem\u00e1s beneficios para prestadores de servicios, establecimientos y comunidades de la regi\u00f3n.<\/p>\n\n\n\n<p class=\"has-text-align-center wp-block-paragraph\"><img loading=\"lazy\" decoding=\"async\" width=\"500\" height=\"333\" class=\"wp-image-33329\" style=\"width: 500px;\" src=\"https:\/\/elreporterodelacomunidad.com\/wp-content\/uploads\/2026\/09\/0d1676db-ed9b-4276-b019-33df81c1efed.jpg\" alt=\"\" srcset=\"https:\/\/elreporterodelacomunidad.com\/wp-content\/uploads\/2026\/09\/0d1676db-ed9b-4276-b019-33df81c1efed.jpg 1600w, https:\/\/elreporterodelacomunidad.com\/wp-content\/uploads\/2026\/09\/0d1676db-ed9b-4276-b019-33df81c1efed-300x200.jpg 300w, https:\/\/elreporterodelacomunidad.com\/wp-content\/uploads\/2026\/09\/0d1676db-ed9b-4276-b019-33df81c1efed-1024x682.jpg 1024w, https:\/\/elreporterodelacomunidad.com\/wp-content\/uploads\/2026\/09\/0d1676db-ed9b-4276-b019-33df81c1efed-768x512.jpg 768w, https:\/\/elreporterodelacomunidad.com\/wp-content\/uploads\/2026\/09\/0d1676db-ed9b-4276-b019-33df81c1efed-1536x1023.jpg 1536w, https:\/\/elreporterodelacomunidad.com\/wp-content\/uploads\/2026\/09\/0d1676db-ed9b-4276-b019-33df81c1efed-750x500.jpg 750w, https:\/\/elreporterodelacomunidad.com\/wp-content\/uploads\/2026\/09\/0d1676db-ed9b-4276-b019-33df81c1efed-1140x760.jpg 1140w\" sizes=\"auto, (max-width: 500px) 100vw, 500px\" \/><\/p>\n","protected":false},"excerpt":{"rendered":"<p>Hermosillo, Sonora; 3 de septiembre de 2026.- Bajo el impulso del gobernador Alfonso Durazo a trav\u00e9s de la Secretar\u00eda de Econom\u00eda y Turismo (SETUR), Sonora se prepara para recibir la quinta edici\u00f3n de la Gran Carrera del Desierto, una de las experiencias de trail running m\u00e1s importantes de M\u00e9xico, esperando m\u00e1s de 600 corredoras y [&hellip;]<\/p>\n","protected":false},"author":4,"featured_media":33328,"comment_status":"open","ping_status":"open","sticky":false,"template":"","format":"standard","meta":{"footnotes":""},"categories":[33],"tags":[],"class_list":["post-33327","post","type-post","status-publish","format-standard","has-post-thumbnail","hentry","category-deportes"],"_links":{"self":[{"href":"https:\/\/elreporterodelacomunidad.com\/index.php\/wp-json\/wp\/v2\/posts\/33327","targetHints":{"allow":["GET"]}}],"collection":[{"href":"https:\/\/elreporterodelacomunidad.com\/index.php\/wp-json\/wp\/v2\/posts"}],"about":[{"href":"https:\/\/elreporterodelacomunidad.com\/index.php\/wp-json\/wp\/v2\/types\/post"}],"author":[{"embeddable":true,"href":"https:\/\/elreporterodelacomunidad.com\/index.php\/wp-json\/wp\/v2\/users\/4"}],"replies":[{"embeddable":true,"href":"https:\/\/elreporterodelacomunidad.com\/index.php\/wp-json\/wp\/v2\/comments?post=33327"}],"version-history":[{"count":1,"href":"https:\/\/elreporterodelacomunidad.com\/index.php\/wp-json\/wp\/v2\/posts\/33327\/revisions"}],"predecessor-version":[{"id":33330,"href":"https:\/\/elreporterodelacomunidad.com\/index.php\/wp-json\/wp\/v2\/posts\/33327\/revisions\/33330"}],"wp:featuredmedia":[{"embeddable":true,"href":"https:\/\/elreporterodelacomunidad.com\/index.php\/wp-json\/wp\/v2\/media\/33328"}],"wp:attachment":[{"href":"https:\/\/elreporterodelacomunidad.com\/index.php\/wp-json\/wp\/v2\/media?parent=33327"}],"wp:term":[{"taxonomy":"category","embeddable":true,"href":"https:\/\/elreporterodelacomunidad.com\/index.php\/wp-json\/wp\/v2\/categories?post=33327"},{"taxonomy":"post_tag","embeddable":true,"href":"https:\/\/elreporterodelacomunidad.com\/index.php\/wp-json\/wp\/v2\/tags?post=33327"}],"curies":[{"name":"wp","href":"https:\/\/api.w.org\/{rel}","templated":true}]}}