{"id":33323,"date":"2026-09-03T23:26:30","date_gmt":"2026-09-04T06:26:30","guid":{"rendered":"https:\/\/elreporterodelacomunidad.com\/?p=33323"},"modified":"2026-09-03T23:26:30","modified_gmt":"2026-09-04T06:26:30","slug":"par-de-sonorenses-terminan-en-top-del-campeonato-mundial-de-boccia-2026","status":"publish","type":"post","link":"https:\/\/elreporterodelacomunidad.com\/index.php\/2026\/09\/03\/par-de-sonorenses-terminan-en-top-del-campeonato-mundial-de-boccia-2026\/","title":{"rendered":"Par de sonorenses terminan en top del Campeonato Mundial de Boccia 2026"},"content":{"rendered":"\n<p class=\"wp-block-paragraph\">Dubier Paredes culmin\u00f3 sexto y Rogelio Alexis Gonz\u00e1lez octavo, en la competencia individual de la categor\u00eda BC2 en Se\u00fal, Corea del Sur<\/p>\n\n\n\n<p class=\"wp-block-paragraph\">Hermosillo, Sonora, 3 de septiembre del 2026.- Los seleccionados nacionales de boccia, Dubier Paredes y Rogelio Alexis Gonz\u00e1lez, se ubicaron en el Top 10 en la modalidad individual de su categor\u00eda, en el Campeonato Mundial de la especialidad, en el que participaron como parte del equipo mexicano en Se\u00fal, Corea del Sur.<\/p>\n\n\n\n<p class=\"wp-block-paragraph\">Paredes Moroyoqui termin\u00f3 en la sexta posici\u00f3n global, mientras que Gonz\u00e1lez Quiroz logr\u00f3 colocarse en el octavo sitio, dentro de la categor\u00eda BC2 varonil, en donde participaron 24 competidores provenientes de 21 naciones.<\/p>\n\n\n\n<p class=\"wp-block-paragraph\">En el caso de Dubier Paredes, el sonorense consigui\u00f3 par de triunfos en el round robin despu\u00e9s de vencer al coreano Minkyu Seo (8-1) y al croata Luka Wagner (en desempate tras culminar 5-5). Posteriormente, en octavos, venci\u00f3 7-4 a Luis Cristaldo de Argentina, pero en cuartos de final cay\u00f3 1-4 con el chino Zhiqiang Yan.<\/p>\n\n\n\n<p class=\"wp-block-paragraph\">Por su parte Rogelio Alexis Gonz\u00e1lez tambi\u00e9n estuvo perfecto en la fase preliminar al sacar victorias sobre Maciel Santos (5-2) y Mario Sayers (4-1), de Brasil y El Salvador, respectivamente. Enseguida, en octavos, dobleg\u00f3 6-4 al japon\u00e9s Takayuki Hirose, sin embargo, en los cuartos de final cay\u00f3 8-0 con el tailand\u00e9s Worawut Saengampa.<\/p>\n\n\n\n<p class=\"wp-block-paragraph\">Cabe destacar que la selecci\u00f3n nacional azteca conquist\u00f3 una hist\u00f3rica medalla de plata de parte de Eduardo S\u00e1nchez, para convertirse en el primer mexicano en subirse al podio en un Campeonato Mundial de Boccia, tras agenciarse el subcampeonato individual en la categor\u00eda BC1 varonil.<\/p>\n\n\n\n<p class=\"has-text-align-center wp-block-paragraph\"><img loading=\"lazy\" decoding=\"async\" width=\"500\" height=\"574\" class=\"wp-image-33325\" style=\"width: 500px;\" src=\"https:\/\/elreporterodelacomunidad.com\/wp-content\/uploads\/2026\/09\/1001211462.jpg\" alt=\"\" srcset=\"https:\/\/elreporterodelacomunidad.com\/wp-content\/uploads\/2026\/09\/1001211462.jpg 1046w, https:\/\/elreporterodelacomunidad.com\/wp-content\/uploads\/2026\/09\/1001211462-262x300.jpg 262w, https:\/\/elreporterodelacomunidad.com\/wp-content\/uploads\/2026\/09\/1001211462-893x1024.jpg 893w, https:\/\/elreporterodelacomunidad.com\/wp-content\/uploads\/2026\/09\/1001211462-768x881.jpg 768w, https:\/\/elreporterodelacomunidad.com\/wp-content\/uploads\/2026\/09\/1001211462-750x860.jpg 750w\" sizes=\"auto, (max-width: 500px) 100vw, 500px\" \/><\/p>\n","protected":false},"excerpt":{"rendered":"<p>Dubier Paredes culmin\u00f3 sexto y Rogelio Alexis Gonz\u00e1lez octavo, en la competencia individual de la categor\u00eda BC2 en Se\u00fal, Corea del Sur Hermosillo, Sonora, 3 de septiembre del 2026.- Los seleccionados nacionales de boccia, Dubier Paredes y Rogelio Alexis Gonz\u00e1lez, se ubicaron en el Top 10 en la modalidad individual de su categor\u00eda, en el [&hellip;]<\/p>\n","protected":false},"author":4,"featured_media":33324,"comment_status":"open","ping_status":"open","sticky":false,"template":"","format":"standard","meta":{"footnotes":""},"categories":[33],"tags":[],"class_list":["post-33323","post","type-post","status-publish","format-standard","has-post-thumbnail","hentry","category-deportes"],"_links":{"self":[{"href":"https:\/\/elreporterodelacomunidad.com\/index.php\/wp-json\/wp\/v2\/posts\/33323","targetHints":{"allow":["GET"]}}],"collection":[{"href":"https:\/\/elreporterodelacomunidad.com\/index.php\/wp-json\/wp\/v2\/posts"}],"about":[{"href":"https:\/\/elreporterodelacomunidad.com\/index.php\/wp-json\/wp\/v2\/types\/post"}],"author":[{"embeddable":true,"href":"https:\/\/elreporterodelacomunidad.com\/index.php\/wp-json\/wp\/v2\/users\/4"}],"replies":[{"embeddable":true,"href":"https:\/\/elreporterodelacomunidad.com\/index.php\/wp-json\/wp\/v2\/comments?post=33323"}],"version-history":[{"count":1,"href":"https:\/\/elreporterodelacomunidad.com\/index.php\/wp-json\/wp\/v2\/posts\/33323\/revisions"}],"predecessor-version":[{"id":33326,"href":"https:\/\/elreporterodelacomunidad.com\/index.php\/wp-json\/wp\/v2\/posts\/33323\/revisions\/33326"}],"wp:featuredmedia":[{"embeddable":true,"href":"https:\/\/elreporterodelacomunidad.com\/index.php\/wp-json\/wp\/v2\/media\/33324"}],"wp:attachment":[{"href":"https:\/\/elreporterodelacomunidad.com\/index.php\/wp-json\/wp\/v2\/media?parent=33323"}],"wp:term":[{"taxonomy":"category","embeddable":true,"href":"https:\/\/elreporterodelacomunidad.com\/index.php\/wp-json\/wp\/v2\/categories?post=33323"},{"taxonomy":"post_tag","embeddable":true,"href":"https:\/\/elreporterodelacomunidad.com\/index.php\/wp-json\/wp\/v2\/tags?post=33323"}],"curies":[{"name":"wp","href":"https:\/\/api.w.org\/{rel}","templated":true}]}}