{"id":33315,"date":"2026-09-03T20:58:59","date_gmt":"2026-09-04T03:58:59","guid":{"rendered":"https:\/\/elreporterodelacomunidad.com\/?p=33315"},"modified":"2026-09-03T20:58:59","modified_gmt":"2026-09-04T03:58:59","slug":"participan-investigadores-de-la-ues-en-congreso-internacional-microscopy-microanalysis","status":"publish","type":"post","link":"https:\/\/elreporterodelacomunidad.com\/index.php\/2026\/09\/03\/participan-investigadores-de-la-ues-en-congreso-internacional-microscopy-microanalysis\/","title":{"rendered":"Participan investigadores de la UES en Congreso Internacional Microscopy &amp; Microanalysis"},"content":{"rendered":"\n<p class=\"wp-block-paragraph\">Hermosillo, Sonora; 3 de septiembre de 2026.- Investigadores de la Maestr\u00eda en Ciencia de Materiales de la Universidad Estatal de Sonora (UES), Unidad Acad\u00e9mica Hermosillo, participaron en el congreso internacional Microscopy &amp; Microanalysis (M&amp;M), realizado en Milwaukee, Wisconsin, Estados Unidos, donde presentaron avances en semiconductores, nuevos materiales y biotecnolog\u00eda.<\/p>\n\n\n\n<p class=\"wp-block-paragraph\">Los doctores Jos\u00e9 Antonio Heredia Cancino e Iv\u00e1n de Jes\u00fas Tolano Villaverde compartieron sus investigaciones, cuyos resultados fueron publicados en la revista cient\u00edfica de acceso abierto Microscopy and Microanalysis, Volumen 32, fortaleciendo la presencia internacional de la investigaci\u00f3n desarrollada en la UES.<\/p>\n\n\n\n<p class=\"wp-block-paragraph\">La rectora Martha Patricia Pati\u00f1o Fierro destac\u00f3 que, con el respaldo del gobernador Alfonso Durazo, los proyectos de investigaci\u00f3n realizados por la instituci\u00f3n trascienden fronteras y contribuyen a la divulgaci\u00f3n de conocimiento a nivel global.<\/p>\n\n\n\n<p class=\"wp-block-paragraph\">Asimismo, enfatiz\u00f3 que este logro impulsa la colaboraci\u00f3n cient\u00edfica y la generaci\u00f3n de nuevas alianzas estrat\u00e9gicas, adem\u00e1s de representar un orgullo para la comunidad universitaria.<\/p>\n\n\n\n<p class=\"wp-block-paragraph\">El evento, organizado de forma conjunta por la Microscopy Society of America (MSA) y la Microanalysis Society (MAS), es considerado el foro anual m\u00e1s grande del mundo para cient\u00edficos, tecn\u00f3logos, acad\u00e9micos y proveedores de la industria de la microscop\u00eda.<\/p>\n","protected":false},"excerpt":{"rendered":"<p>Hermosillo, Sonora; 3 de septiembre de 2026.- Investigadores de la Maestr\u00eda en Ciencia de Materiales de la Universidad Estatal de Sonora (UES), Unidad Acad\u00e9mica Hermosillo, participaron en el congreso internacional Microscopy &amp; Microanalysis (M&amp;M), realizado en Milwaukee, Wisconsin, Estados Unidos, donde presentaron avances en semiconductores, nuevos materiales y biotecnolog\u00eda. Los doctores Jos\u00e9 Antonio Heredia Cancino [&hellip;]<\/p>\n","protected":false},"author":4,"featured_media":33316,"comment_status":"open","ping_status":"open","sticky":false,"template":"","format":"standard","meta":{"footnotes":""},"categories":[40],"tags":[],"class_list":["post-33315","post","type-post","status-publish","format-standard","has-post-thumbnail","hentry","category-cienciaytecnologia"],"_links":{"self":[{"href":"https:\/\/elreporterodelacomunidad.com\/index.php\/wp-json\/wp\/v2\/posts\/33315","targetHints":{"allow":["GET"]}}],"collection":[{"href":"https:\/\/elreporterodelacomunidad.com\/index.php\/wp-json\/wp\/v2\/posts"}],"about":[{"href":"https:\/\/elreporterodelacomunidad.com\/index.php\/wp-json\/wp\/v2\/types\/post"}],"author":[{"embeddable":true,"href":"https:\/\/elreporterodelacomunidad.com\/index.php\/wp-json\/wp\/v2\/users\/4"}],"replies":[{"embeddable":true,"href":"https:\/\/elreporterodelacomunidad.com\/index.php\/wp-json\/wp\/v2\/comments?post=33315"}],"version-history":[{"count":1,"href":"https:\/\/elreporterodelacomunidad.com\/index.php\/wp-json\/wp\/v2\/posts\/33315\/revisions"}],"predecessor-version":[{"id":33317,"href":"https:\/\/elreporterodelacomunidad.com\/index.php\/wp-json\/wp\/v2\/posts\/33315\/revisions\/33317"}],"wp:featuredmedia":[{"embeddable":true,"href":"https:\/\/elreporterodelacomunidad.com\/index.php\/wp-json\/wp\/v2\/media\/33316"}],"wp:attachment":[{"href":"https:\/\/elreporterodelacomunidad.com\/index.php\/wp-json\/wp\/v2\/media?parent=33315"}],"wp:term":[{"taxonomy":"category","embeddable":true,"href":"https:\/\/elreporterodelacomunidad.com\/index.php\/wp-json\/wp\/v2\/categories?post=33315"},{"taxonomy":"post_tag","embeddable":true,"href":"https:\/\/elreporterodelacomunidad.com\/index.php\/wp-json\/wp\/v2\/tags?post=33315"}],"curies":[{"name":"wp","href":"https:\/\/api.w.org\/{rel}","templated":true}]}}