{"id":33304,"date":"2026-09-03T20:02:15","date_gmt":"2026-09-04T03:02:15","guid":{"rendered":"https:\/\/elreporterodelacomunidad.com\/?p=33304"},"modified":"2026-09-03T20:02:15","modified_gmt":"2026-09-04T03:02:15","slug":"fortalece-ayuntamiento-de-hermosillo-ecosistema-emprendedor-con-respaldo-a-jovenes-de-future-founders-academy","status":"publish","type":"post","link":"https:\/\/elreporterodelacomunidad.com\/index.php\/2026\/09\/03\/fortalece-ayuntamiento-de-hermosillo-ecosistema-emprendedor-con-respaldo-a-jovenes-de-future-founders-academy\/","title":{"rendered":"Fortalece Ayuntamiento de Hermosillo ecosistema emprendedor con respaldo a j\u00f3venes de Future Founders Academy"},"content":{"rendered":"\n<p class=\"wp-block-paragraph\"><em>Oscar Gast\u00e9lum, director de la AMDE, destac\u00f3 que el impulso al emprendimiento genera oportunidades, empleos y beneficios para las comunidades.<br><\/em><br><strong>Hermosillo, Sonora; 3 de septiembre, 2026.-\u00a0<\/strong>Hermosillo brill\u00f3 nuevamente con el talento emprendedor de j\u00f3venes durante el Demo Day de Future Founders Academy, iniciativa impulsada por Kolab Ventures y Startup Desert que cont\u00f3 con el respaldo del Ayuntamiento de Hermosillo para fortalecer el ecosistema de innovaci\u00f3n y emprendimiento de la ciudad.<\/p>\n\n\n\n<p class=\"wp-block-paragraph\">Oscar Gast\u00e9lum Donnadieu, director de la Agencia Municipal de Desarrollo Econ\u00f3mico (AMDE), dio la bienvenida a empresarios, emprendedores, mentores e inversionistas que participaron en este encuentro, donde destac\u00f3 la importancia de vincular el desarrollo econ\u00f3mico con el social para generar nuevas oportunidades en Hermosillo.<\/p>\n\n\n\n<p class=\"wp-block-paragraph\">\u201cNos dimos cuenta en el gobierno que no pod\u00eda estar separado el desarrollo econ\u00f3mico del social, porque cuando a un emprendedor le va bien, le va bien a su comunidad porque genera empleos y oportunidades para todos y cuando este tipo de historias las multiplicamos, podemos transformar una ciudad y eso es justo la visi\u00f3n que ha impulsado nuestro presidente municipal Antonio Astiazar\u00e1n\u201d, expres\u00f3.<\/p>\n\n\n\n<p class=\"wp-block-paragraph\">El Demo Day, realizado en el Parque La Ruina, reuni\u00f3 a j\u00f3venes emprendedores que tuvieron la oportunidad de presentar sus proyectos ante integrantes del ecosistema de innovaci\u00f3n de la ciudad, adem\u00e1s de establecer v\u00ednculos con mentores e inversionistas.<\/p>\n\n\n\n<p class=\"wp-block-paragraph\">En esta edici\u00f3n fueron seleccionadas 28 startups, de las cuales 10 participaron en las sesiones de pitch, con proyectos enfocados en sectores como SaaS, EdTech, HealthTech, LegalTech, AgriTech, MobilityTech e inteligencia artificial.<\/p>\n\n\n\n<p class=\"wp-block-paragraph\">La jornada tambi\u00e9n permiti\u00f3 conocer de cerca a algunos de los founders m\u00e1s prometedores del Noroeste de M\u00e9xico y sus propuestas de innovaci\u00f3n, as\u00ed como generar conversaciones y conexiones entre actores del ecosistema emprendedor regional.<\/p>\n\n\n\n<p class=\"wp-block-paragraph\">Cont\u00f3 con la asistencia de Claudia Mirel L\u00f3pez Pereyra, l\u00edder de Iniciativas Sist\u00e9micas de Impacto Social en Kolab y l\u00edder de Startup Desert; representantes de Fundaci\u00f3n Coppel y del Tecnol\u00f3gico de Monterrey, as\u00ed como participantes vinculados a las distintas verticales de innovaci\u00f3n que formaron parte de este encuentro.<\/p>\n","protected":false},"excerpt":{"rendered":"<p>Oscar Gast\u00e9lum, director de la AMDE, destac\u00f3 que el impulso al emprendimiento genera oportunidades, empleos y beneficios para las comunidades.Hermosillo, Sonora; 3 de septiembre, 2026.-\u00a0Hermosillo brill\u00f3 nuevamente con el talento emprendedor de j\u00f3venes durante el Demo Day de Future Founders Academy, iniciativa impulsada por Kolab Ventures y Startup Desert que cont\u00f3 con el respaldo del [&hellip;]<\/p>\n","protected":false},"author":4,"featured_media":33305,"comment_status":"open","ping_status":"open","sticky":false,"template":"","format":"standard","meta":{"footnotes":""},"categories":[42],"tags":[],"class_list":["post-33304","post","type-post","status-publish","format-standard","has-post-thumbnail","hentry","category-economia"],"_links":{"self":[{"href":"https:\/\/elreporterodelacomunidad.com\/index.php\/wp-json\/wp\/v2\/posts\/33304","targetHints":{"allow":["GET"]}}],"collection":[{"href":"https:\/\/elreporterodelacomunidad.com\/index.php\/wp-json\/wp\/v2\/posts"}],"about":[{"href":"https:\/\/elreporterodelacomunidad.com\/index.php\/wp-json\/wp\/v2\/types\/post"}],"author":[{"embeddable":true,"href":"https:\/\/elreporterodelacomunidad.com\/index.php\/wp-json\/wp\/v2\/users\/4"}],"replies":[{"embeddable":true,"href":"https:\/\/elreporterodelacomunidad.com\/index.php\/wp-json\/wp\/v2\/comments?post=33304"}],"version-history":[{"count":1,"href":"https:\/\/elreporterodelacomunidad.com\/index.php\/wp-json\/wp\/v2\/posts\/33304\/revisions"}],"predecessor-version":[{"id":33306,"href":"https:\/\/elreporterodelacomunidad.com\/index.php\/wp-json\/wp\/v2\/posts\/33304\/revisions\/33306"}],"wp:featuredmedia":[{"embeddable":true,"href":"https:\/\/elreporterodelacomunidad.com\/index.php\/wp-json\/wp\/v2\/media\/33305"}],"wp:attachment":[{"href":"https:\/\/elreporterodelacomunidad.com\/index.php\/wp-json\/wp\/v2\/media?parent=33304"}],"wp:term":[{"taxonomy":"category","embeddable":true,"href":"https:\/\/elreporterodelacomunidad.com\/index.php\/wp-json\/wp\/v2\/categories?post=33304"},{"taxonomy":"post_tag","embeddable":true,"href":"https:\/\/elreporterodelacomunidad.com\/index.php\/wp-json\/wp\/v2\/tags?post=33304"}],"curies":[{"name":"wp","href":"https:\/\/api.w.org\/{rel}","templated":true}]}}