{"id":33301,"date":"2026-09-03T19:57:38","date_gmt":"2026-09-04T02:57:38","guid":{"rendered":"https:\/\/elreporterodelacomunidad.com\/?p=33301"},"modified":"2026-09-03T19:57:39","modified_gmt":"2026-09-04T02:57:39","slug":"propone-congreso-de-sonora-atencion-integral-a-mujeres-que-pierden-a-sus-hijos-antes-o-despues-de-nacer","status":"publish","type":"post","link":"https:\/\/elreporterodelacomunidad.com\/index.php\/2026\/09\/03\/propone-congreso-de-sonora-atencion-integral-a-mujeres-que-pierden-a-sus-hijos-antes-o-despues-de-nacer\/","title":{"rendered":"Propone Congreso de Sonora atenci\u00f3n integral a mujeres que pierden a sus hijos antes o despu\u00e9s de nacer"},"content":{"rendered":"\n<p class=\"wp-block-paragraph\">Aborda temas sobre mujeres docentes ind\u00edgenas y el informe presidencial<\/p>\n\n\n\n<p class=\"wp-block-paragraph\"><strong>Hermosillo, Sonora; 3 de septiembre de 2026.-<\/strong>&nbsp;El Congreso del Estado de Sonora turn\u00f3 a comisi\u00f3n una iniciativa que busca fortalecer la atenci\u00f3n integral a mujeres y familias que enfrentan la p\u00e9rdida de una hija o hijo durante la gestaci\u00f3n o despu\u00e9s del nacimiento. Durante la sesi\u00f3n, tambi\u00e9n se presentaron posicionamientos relacionados con el reconocimiento a la labor de las profesoras ind\u00edgenas de Sonora y con el segundo informe de gobierno de la presidenta de M\u00e9xico, Claudia Sheinbaum Pardo.<\/p>\n\n\n\n<p class=\"wp-block-paragraph\">La diputada Deni Gast\u00e9lum Barreras (Morena) present\u00f3 ante el Pleno una iniciativa de reforma y adici\u00f3n a la Ley de Salud y a la Ley de Salud Mental de Sonora, con el prop\u00f3sito de brindar atenci\u00f3n integral, digna y humana a las mujeres y familias que sufren la p\u00e9rdidas gestacional, fetal o previo al nacimiento de su hija o hijo.<\/p>\n\n\n\n<p class=\"wp-block-paragraph\">La legisladora explic\u00f3 que la propuesta contempla incorporar a la legislaci\u00f3n las definiciones de muerte fetal y duelo perinatal; establecer protocolos obligatorios de atenci\u00f3n, acompa\u00f1amiento psicol\u00f3gico y seguimiento especializado; as\u00ed como separar a las pacientes en duelo de las \u00e1reas donde se encuentren madres con reci\u00e9n nacidos vivos.<\/p>\n\n\n\n<p class=\"wp-block-paragraph\">Asimismo, se\u00f1al\u00f3 que se propone implementar el \u201cC\u00f3digo Mariposa\u201d como mecanismo de identificaci\u00f3n de habitaciones y expedientes de pacientes en duelo, as\u00ed como crear la \u201cInsignia Ginna\u201d, destinada a reconocer a las instituciones de salud que cumplan con los protocolos establecidos. La iniciativa tambi\u00e9n plantea capacitar al personal de salud para brindar una atenci\u00f3n \u00e9tica, respetuosa y humana ante este tipo de p\u00e9rdidas.<\/p>\n\n\n\n<p class=\"wp-block-paragraph\">La iniciativa se turn\u00f3 a la Comisi\u00f3n de Salud para su an\u00e1lisis y, en su caso, dictaminaci\u00f3n.<\/p>\n\n\n\n<p class=\"wp-block-paragraph\">En el marco del D\u00eda Internacional de la Mujer Ind\u00edgena, que se conmemora cada 5 de septiembre, la diputada Rebeca Irene Silva Gallardo (NAS) reconoci\u00f3 la labor de las profesoras ind\u00edgenas de Sonora y su contribuci\u00f3n a la preservaci\u00f3n de las lenguas originarias, la educaci\u00f3n intercultural y la transmisi\u00f3n de saberes y tradiciones.<\/p>\n\n\n\n<p class=\"wp-block-paragraph\">Por su parte, el diputado Ren\u00e9 Edmundo Garc\u00eda Rojo (PT) reconoci\u00f3 los resultados presentados en el segundo informe de gobierno de la presidenta Claudia Sheinbaum Pardo, particularmente en materia de salarios, programas de bienestar, vivienda, salud, educaci\u00f3n, seguridad e infraestructura en Sonora. Adem\u00e1s, destac\u00f3 la coordinaci\u00f3n con el gobernador Alfonso Durazo Monta\u00f1o.<\/p>\n\n\n\n<p class=\"wp-block-paragraph\">La pr\u00f3xima sesi\u00f3n del Pleno fue citada para el martes 8 de septiembre, a las 11:00 horas.<\/p>\n","protected":false},"excerpt":{"rendered":"<p>Aborda temas sobre mujeres docentes ind\u00edgenas y el informe presidencial Hermosillo, Sonora; 3 de septiembre de 2026.-&nbsp;El Congreso del Estado de Sonora turn\u00f3 a comisi\u00f3n una iniciativa que busca fortalecer la atenci\u00f3n integral a mujeres y familias que enfrentan la p\u00e9rdida de una hija o hijo durante la gestaci\u00f3n o despu\u00e9s del nacimiento. Durante la [&hellip;]<\/p>\n","protected":false},"author":4,"featured_media":33302,"comment_status":"open","ping_status":"open","sticky":false,"template":"","format":"standard","meta":{"footnotes":""},"categories":[38],"tags":[],"class_list":["post-33301","post","type-post","status-publish","format-standard","has-post-thumbnail","hentry","category-salud"],"_links":{"self":[{"href":"https:\/\/elreporterodelacomunidad.com\/index.php\/wp-json\/wp\/v2\/posts\/33301","targetHints":{"allow":["GET"]}}],"collection":[{"href":"https:\/\/elreporterodelacomunidad.com\/index.php\/wp-json\/wp\/v2\/posts"}],"about":[{"href":"https:\/\/elreporterodelacomunidad.com\/index.php\/wp-json\/wp\/v2\/types\/post"}],"author":[{"embeddable":true,"href":"https:\/\/elreporterodelacomunidad.com\/index.php\/wp-json\/wp\/v2\/users\/4"}],"replies":[{"embeddable":true,"href":"https:\/\/elreporterodelacomunidad.com\/index.php\/wp-json\/wp\/v2\/comments?post=33301"}],"version-history":[{"count":1,"href":"https:\/\/elreporterodelacomunidad.com\/index.php\/wp-json\/wp\/v2\/posts\/33301\/revisions"}],"predecessor-version":[{"id":33303,"href":"https:\/\/elreporterodelacomunidad.com\/index.php\/wp-json\/wp\/v2\/posts\/33301\/revisions\/33303"}],"wp:featuredmedia":[{"embeddable":true,"href":"https:\/\/elreporterodelacomunidad.com\/index.php\/wp-json\/wp\/v2\/media\/33302"}],"wp:attachment":[{"href":"https:\/\/elreporterodelacomunidad.com\/index.php\/wp-json\/wp\/v2\/media?parent=33301"}],"wp:term":[{"taxonomy":"category","embeddable":true,"href":"https:\/\/elreporterodelacomunidad.com\/index.php\/wp-json\/wp\/v2\/categories?post=33301"},{"taxonomy":"post_tag","embeddable":true,"href":"https:\/\/elreporterodelacomunidad.com\/index.php\/wp-json\/wp\/v2\/tags?post=33301"}],"curies":[{"name":"wp","href":"https:\/\/api.w.org\/{rel}","templated":true}]}}