{"id":33297,"date":"2026-09-03T19:56:19","date_gmt":"2026-09-04T02:56:19","guid":{"rendered":"https:\/\/elreporterodelacomunidad.com\/?p=33297"},"modified":"2026-09-03T19:56:19","modified_gmt":"2026-09-04T02:56:19","slug":"invita-gobierno-de-hermosillo-a-la-feria-de-adopciones-el-proximo-domingo","status":"publish","type":"post","link":"https:\/\/elreporterodelacomunidad.com\/index.php\/2026\/09\/03\/invita-gobierno-de-hermosillo-a-la-feria-de-adopciones-el-proximo-domingo\/","title":{"rendered":"Invita Gobierno de Hermosillo a la Feria de Adopciones el pr\u00f3ximo domingo"},"content":{"rendered":"\n<p class=\"wp-block-paragraph\"><em>Ser\u00e1 el 6 de septiembre, de las 17:00 a 21:00 horas, en Luis Donaldo Colosio, esquina con Kennedy, colonia Casa Blanca.<br><\/em><br><strong>Hermosillo, Sonora; 3 de septiembre, 2026.-<\/strong>\u00a0El Ayuntamiento de Hermosillo, a trav\u00e9s del Instituto Municipal de Protecci\u00f3n y Bienestar Animal (IMPBA), invita a la ciudadan\u00eda a asistir a la Feria de Adopciones \u201cAdopta a tu nuevo mejor amigo\u201d, que se llevar\u00e1 a cabo este domingo 6 de septiembre frente al Parque Madero de 17:00 a las 21:00 horas.<\/p>\n\n\n\n<p class=\"wp-block-paragraph\">Con esta actividad que promueve la adopci\u00f3n responsable de animales de compa\u00f1\u00eda, las y los asistentes podr\u00e1n conocer a caninos y felinos hembras y machos en espera de un hogar y si es &nbsp;decisi\u00f3n elegir a alguno para incorporarlo a los hogares.<\/p>\n\n\n\n<p class=\"wp-block-paragraph\">El IMBA llama a la ciudadan\u00eda hermosillense a ser parte de una cultura de respeto, cuidado y bienestar animal, aprovechando la oportunidad de rescatar a alguno de los perros, perras, gatos y gatas que habr\u00e1 en la feria de adopciones del pr\u00f3ximo domingo.<\/p>\n\n\n\n<p class=\"wp-block-paragraph\">La cita es en el cruce del bulevar Luis Donaldo Colosio y la calle Kennedy, en la colonia Casa Blanca, frente al Parque Madero, de las 17:00 a las 21:00 horas.<\/p>\n\n\n\n<p class=\"has-text-align-center wp-block-paragraph\"><img loading=\"lazy\" decoding=\"async\" width=\"500\" height=\"625\" class=\"wp-image-33298\" style=\"width: 500px;\" src=\"https:\/\/elreporterodelacomunidad.com\/wp-content\/uploads\/2026\/09\/b7b3895f-1bea-46e7-97fc-66608cb547071.jpg\" alt=\"\" srcset=\"https:\/\/elreporterodelacomunidad.com\/wp-content\/uploads\/2026\/09\/b7b3895f-1bea-46e7-97fc-66608cb547071.jpg 1638w, https:\/\/elreporterodelacomunidad.com\/wp-content\/uploads\/2026\/09\/b7b3895f-1bea-46e7-97fc-66608cb547071-240x300.jpg 240w, https:\/\/elreporterodelacomunidad.com\/wp-content\/uploads\/2026\/09\/b7b3895f-1bea-46e7-97fc-66608cb547071-819x1024.jpg 819w, https:\/\/elreporterodelacomunidad.com\/wp-content\/uploads\/2026\/09\/b7b3895f-1bea-46e7-97fc-66608cb547071-768x960.jpg 768w, https:\/\/elreporterodelacomunidad.com\/wp-content\/uploads\/2026\/09\/b7b3895f-1bea-46e7-97fc-66608cb547071-1229x1536.jpg 1229w, https:\/\/elreporterodelacomunidad.com\/wp-content\/uploads\/2026\/09\/b7b3895f-1bea-46e7-97fc-66608cb547071-750x938.jpg 750w, https:\/\/elreporterodelacomunidad.com\/wp-content\/uploads\/2026\/09\/b7b3895f-1bea-46e7-97fc-66608cb547071-1140x1425.jpg 1140w\" sizes=\"auto, (max-width: 500px) 100vw, 500px\" \/><\/p>\n","protected":false},"excerpt":{"rendered":"<p>Ser\u00e1 el 6 de septiembre, de las 17:00 a 21:00 horas, en Luis Donaldo Colosio, esquina con Kennedy, colonia Casa Blanca.Hermosillo, Sonora; 3 de septiembre, 2026.-\u00a0El Ayuntamiento de Hermosillo, a trav\u00e9s del Instituto Municipal de Protecci\u00f3n y Bienestar Animal (IMPBA), invita a la ciudadan\u00eda a asistir a la Feria de Adopciones \u201cAdopta a tu nuevo [&hellip;]<\/p>\n","protected":false},"author":4,"featured_media":33299,"comment_status":"open","ping_status":"open","sticky":false,"template":"","format":"standard","meta":{"footnotes":""},"categories":[38],"tags":[],"class_list":["post-33297","post","type-post","status-publish","format-standard","has-post-thumbnail","hentry","category-salud"],"_links":{"self":[{"href":"https:\/\/elreporterodelacomunidad.com\/index.php\/wp-json\/wp\/v2\/posts\/33297","targetHints":{"allow":["GET"]}}],"collection":[{"href":"https:\/\/elreporterodelacomunidad.com\/index.php\/wp-json\/wp\/v2\/posts"}],"about":[{"href":"https:\/\/elreporterodelacomunidad.com\/index.php\/wp-json\/wp\/v2\/types\/post"}],"author":[{"embeddable":true,"href":"https:\/\/elreporterodelacomunidad.com\/index.php\/wp-json\/wp\/v2\/users\/4"}],"replies":[{"embeddable":true,"href":"https:\/\/elreporterodelacomunidad.com\/index.php\/wp-json\/wp\/v2\/comments?post=33297"}],"version-history":[{"count":1,"href":"https:\/\/elreporterodelacomunidad.com\/index.php\/wp-json\/wp\/v2\/posts\/33297\/revisions"}],"predecessor-version":[{"id":33300,"href":"https:\/\/elreporterodelacomunidad.com\/index.php\/wp-json\/wp\/v2\/posts\/33297\/revisions\/33300"}],"wp:featuredmedia":[{"embeddable":true,"href":"https:\/\/elreporterodelacomunidad.com\/index.php\/wp-json\/wp\/v2\/media\/33299"}],"wp:attachment":[{"href":"https:\/\/elreporterodelacomunidad.com\/index.php\/wp-json\/wp\/v2\/media?parent=33297"}],"wp:term":[{"taxonomy":"category","embeddable":true,"href":"https:\/\/elreporterodelacomunidad.com\/index.php\/wp-json\/wp\/v2\/categories?post=33297"},{"taxonomy":"post_tag","embeddable":true,"href":"https:\/\/elreporterodelacomunidad.com\/index.php\/wp-json\/wp\/v2\/tags?post=33297"}],"curies":[{"name":"wp","href":"https:\/\/api.w.org\/{rel}","templated":true}]}}