{"id":33290,"date":"2026-09-03T18:39:12","date_gmt":"2026-09-04T01:39:12","guid":{"rendered":"https:\/\/elreporterodelacomunidad.com\/?p=33290"},"modified":"2026-09-03T18:39:13","modified_gmt":"2026-09-04T01:39:13","slug":"supervisa-tono-astiazaran-avance-del-45-del-parque-para-ninas-y-ninos-con-autismo","status":"publish","type":"post","link":"https:\/\/elreporterodelacomunidad.com\/index.php\/2026\/09\/03\/supervisa-tono-astiazaran-avance-del-45-del-parque-para-ninas-y-ninos-con-autismo\/","title":{"rendered":"Supervisa To\u00f1o Astiazar\u00e1n avance del 45% del parque para ni\u00f1as y ni\u00f1os con autismo"},"content":{"rendered":"\n<p class=\"wp-block-paragraph\">El parque contar\u00e1 con juegos inclusivos, zona de calma, \u00e1rea sensorial, espacios de descanso y otras instalaciones dise\u00f1adas para favorecer la convivencia y el bienestar.<\/p>\n\n\n\n<p class=\"wp-block-paragraph\"><strong>Hermosillo, Sonora; 3 de septiembre, 2026.-\u00a0<\/strong>El presidente municipal Antonio Astiazar\u00e1n Guti\u00e9rrez supervis\u00f3 la primera etapa de construcci\u00f3n y equipamiento del parque para ni\u00f1as y ni\u00f1os con trastorno del espectro autista (TEA), ubicado en el bulevar Paseo de las Rivieras, en la colonia Rivello Residencial.<\/p>\n\n\n\n<p class=\"wp-block-paragraph\">Acompa\u00f1ado por Astart\u00e9 Corro Ruiz, directora de Desarrollo de Infraestructura y Madeleine Bonnafoux, directora de DIF Hermosillo, To\u00f1o Astiazar\u00e1n recorri\u00f3 la obra para conocer sus avances y refrendar su compromiso con la creaci\u00f3n de espacios seguros e inclusivos para la ni\u00f1ez hermosillense, con especial atenci\u00f3n a las necesidades de ni\u00f1as y ni\u00f1os con autismo.<\/p>\n\n\n\n<p class=\"wp-block-paragraph\">\u201cMe da mucho gusto saber que la obra va avanzando con los tiempos que nos propusimos. La verdad es que esto es un sue\u00f1o de mucha gente. Cuando se tuvo la iniciativa de involucrar a todas y todos los comit\u00e9s CRECES, toda la gente para que saliera votar\u2026 la verdad que es emp\u00e1tica la gente de Hermosillo, abraza las causas\u201d, expres\u00f3 To\u00f1o Astiazar\u00e1n.<\/p>\n\n\n\n<p class=\"wp-block-paragraph\">La primera etapa del parque presenta un avance f\u00edsico del 45 por ciento, con una inversi\u00f3n de 24 millones 613 mil 311 pesos, recursos provenientes en su totalidad del Gobierno Municipal.<\/p>\n\n\n\n<p class=\"wp-block-paragraph\">To\u00f1o Astiazar\u00e1n destac\u00f3 la empat\u00eda y participaci\u00f3n de los integrantes de los comit\u00e9s CRECES, al recordar que el parque para ni\u00f1as y ni\u00f1os con autismo fue el proyecto ganador de la categor\u00eda Ciudad del Presupuesto CRECES, con m\u00e1s de 38 mil votos, convirti\u00e9ndose en la propuesta con mayor respaldo ciudadano durante este proceso.<\/p>\n\n\n\n<p class=\"wp-block-paragraph\">La directora de Desarrollo de Infraestructura, Astart\u00e9 Corro Ruiz, detall\u00f3 que el parque contar\u00e1 con un \u00e1rea de juegos inclusiva con piso amortiguante, dise\u00f1ada para favorecer la convivencia; una zona de calma para brindar tranquilidad; un \u00e1rea sensorial con piso de caucho; zona de descanso con mesas sombreadas y ba\u00f1os.<\/p>\n\n\n\n<p class=\"wp-block-paragraph\">Tambi\u00e9n contar\u00e1 con caminos y mamparas para paseos, \u00e1reas de jardiner\u00eda, sistema de riego y cerco perimetral, como parte de una infraestructura dise\u00f1ada para ofrecer diferentes espacios de convivencia, descanso y estimulaci\u00f3n para ni\u00f1as y ni\u00f1os con TEA.<\/p>\n\n\n\n<p class=\"wp-block-paragraph\">En el recorrido y supervisi\u00f3n de la obra acompa\u00f1aron al presidente municipal la tesorera Flor Ayala Robles; Lissete L\u00f3pez, directora de Inspecci\u00f3n y Vigilancia; Agust\u00edn Rodr\u00edguez, diputado federal, y Oscar Gast\u00e9lum, director de la Agencia Municipal de Desarrollo Econ\u00f3mico.<\/p>\n\n\n\n<p class=\"has-text-align-center wp-block-paragraph\"><img loading=\"lazy\" decoding=\"async\" width=\"500\" height=\"333\" class=\"wp-image-33292\" style=\"width: 500px;\" src=\"https:\/\/elreporterodelacomunidad.com\/wp-content\/uploads\/2026\/09\/19afcf69-0fb0-412d-a9ef-e68fafa90803.jpg\" alt=\"\" srcset=\"https:\/\/elreporterodelacomunidad.com\/wp-content\/uploads\/2026\/09\/19afcf69-0fb0-412d-a9ef-e68fafa90803.jpg 1280w, https:\/\/elreporterodelacomunidad.com\/wp-content\/uploads\/2026\/09\/19afcf69-0fb0-412d-a9ef-e68fafa90803-300x200.jpg 300w, https:\/\/elreporterodelacomunidad.com\/wp-content\/uploads\/2026\/09\/19afcf69-0fb0-412d-a9ef-e68fafa90803-1024x682.jpg 1024w, https:\/\/elreporterodelacomunidad.com\/wp-content\/uploads\/2026\/09\/19afcf69-0fb0-412d-a9ef-e68fafa90803-768x512.jpg 768w, https:\/\/elreporterodelacomunidad.com\/wp-content\/uploads\/2026\/09\/19afcf69-0fb0-412d-a9ef-e68fafa90803-750x500.jpg 750w, https:\/\/elreporterodelacomunidad.com\/wp-content\/uploads\/2026\/09\/19afcf69-0fb0-412d-a9ef-e68fafa90803-1140x760.jpg 1140w\" sizes=\"auto, (max-width: 500px) 100vw, 500px\" \/><\/p>\n","protected":false},"excerpt":{"rendered":"<p>El parque contar\u00e1 con juegos inclusivos, zona de calma, \u00e1rea sensorial, espacios de descanso y otras instalaciones dise\u00f1adas para favorecer la convivencia y el bienestar. Hermosillo, Sonora; 3 de septiembre, 2026.-\u00a0El presidente municipal Antonio Astiazar\u00e1n Guti\u00e9rrez supervis\u00f3 la primera etapa de construcci\u00f3n y equipamiento del parque para ni\u00f1as y ni\u00f1os con trastorno del espectro autista [&hellip;]<\/p>\n","protected":false},"author":4,"featured_media":33291,"comment_status":"open","ping_status":"open","sticky":false,"template":"","format":"standard","meta":{"footnotes":""},"categories":[34,26],"tags":[],"class_list":["post-33290","post","type-post","status-publish","format-standard","has-post-thumbnail","hentry","category-general","category-principal"],"_links":{"self":[{"href":"https:\/\/elreporterodelacomunidad.com\/index.php\/wp-json\/wp\/v2\/posts\/33290","targetHints":{"allow":["GET"]}}],"collection":[{"href":"https:\/\/elreporterodelacomunidad.com\/index.php\/wp-json\/wp\/v2\/posts"}],"about":[{"href":"https:\/\/elreporterodelacomunidad.com\/index.php\/wp-json\/wp\/v2\/types\/post"}],"author":[{"embeddable":true,"href":"https:\/\/elreporterodelacomunidad.com\/index.php\/wp-json\/wp\/v2\/users\/4"}],"replies":[{"embeddable":true,"href":"https:\/\/elreporterodelacomunidad.com\/index.php\/wp-json\/wp\/v2\/comments?post=33290"}],"version-history":[{"count":1,"href":"https:\/\/elreporterodelacomunidad.com\/index.php\/wp-json\/wp\/v2\/posts\/33290\/revisions"}],"predecessor-version":[{"id":33293,"href":"https:\/\/elreporterodelacomunidad.com\/index.php\/wp-json\/wp\/v2\/posts\/33290\/revisions\/33293"}],"wp:featuredmedia":[{"embeddable":true,"href":"https:\/\/elreporterodelacomunidad.com\/index.php\/wp-json\/wp\/v2\/media\/33291"}],"wp:attachment":[{"href":"https:\/\/elreporterodelacomunidad.com\/index.php\/wp-json\/wp\/v2\/media?parent=33290"}],"wp:term":[{"taxonomy":"category","embeddable":true,"href":"https:\/\/elreporterodelacomunidad.com\/index.php\/wp-json\/wp\/v2\/categories?post=33290"},{"taxonomy":"post_tag","embeddable":true,"href":"https:\/\/elreporterodelacomunidad.com\/index.php\/wp-json\/wp\/v2\/tags?post=33290"}],"curies":[{"name":"wp","href":"https:\/\/api.w.org\/{rel}","templated":true}]}}