{"id":33286,"date":"2026-09-03T18:30:53","date_gmt":"2026-09-04T01:30:53","guid":{"rendered":"https:\/\/elreporterodelacomunidad.com\/?p=33286"},"modified":"2026-09-03T18:30:53","modified_gmt":"2026-09-04T01:30:53","slug":"regresa-dogo-fest-este-domingo-para-celebrar-el-sabor-de-hermosillo","status":"publish","type":"post","link":"https:\/\/elreporterodelacomunidad.com\/index.php\/2026\/09\/03\/regresa-dogo-fest-este-domingo-para-celebrar-el-sabor-de-hermosillo\/","title":{"rendered":"Regresa Dogo Fest este domingo para celebrar el sabor de Hermosillo"},"content":{"rendered":"\n<p class=\"wp-block-paragraph\">M\u00e1s de 30 carretas participar\u00e1n este domingo 6 de septiembre, donde habr\u00e1 concursos, m\u00fasica, actividades familiares y una celebraci\u00f3n a uno de los sabores m\u00e1s representativos de la capital sonorense.<\/p>\n\n\n\n<p class=\"wp-block-paragraph\"><strong>Hermosillo, Sonora; 3 de septiembre de 2026.-\u00a0<\/strong>Este domingo 6 de septiembre, Hermosillo vivir\u00e1 la tercera edici\u00f3n del Dogo Fest de V\u00edactiva, un encuentro gastron\u00f3mico que reunir\u00e1 a m\u00e1s de 30 carretas para celebrar uno de los platillos m\u00e1s emblem\u00e1ticos de la ciudad, anunci\u00f3 Fernanda Cisneros Rodr\u00edguez, directora de Desarrollo Tur\u00edstico Municipal.<\/p>\n\n\n\n<p class=\"wp-block-paragraph\">La actividad, impulsada por el Gobierno Municipal encabezado por el presidente Antonio Astiazar\u00e1n Guti\u00e9rrez, busca reconocer a quienes mantienen viva la tradici\u00f3n de los hot dogs y fortalecer la oferta tur\u00edstica y gastron\u00f3mica de Hermosillo.<\/p>\n\n\n\n<p class=\"wp-block-paragraph\">La directora de Desarrollo Tur\u00edstico Municipal, Fernanda Cisneros, invit\u00f3 a las familias a disfrutar este domingo de una jornada con ambiente familiar, m\u00fasica en vivo, din\u00e1micas, concursos y diferentes propuestas gastron\u00f3micas en el Centro Hist\u00f3rico.<\/p>\n\n\n\n<p class=\"wp-block-paragraph\">El Dogo Fest se realizar\u00e1 de 18:00 a 23:00 horas, en el bulevar Miguel Hidalgo, esquina con Comonfort, donde se espera la participaci\u00f3n de m\u00e1s de 30 carretas y una asistencia aproximada de 10 mil personas.<\/p>\n\n\n\n<p class=\"wp-block-paragraph\">Durante el encuentro, jueces especializados evaluar\u00e1n a ciegas el sabor de los dogos participantes, mientras creadores de contenido y un juez ciudadano calificar\u00e1n la creatividad de las preparaciones para elegir al Mejor Dogo de la H y al Dogo m\u00e1s Creativo de la H.<\/p>\n\n\n\n<p class=\"wp-block-paragraph\">Como parte de las actividades, la Universidad Durango Santander (UDS) elaborar\u00e1 el Dogo m\u00e1s grande de la H, con una longitud de 60 metros, adem\u00e1s de realizarse el Dogo Challenge, el Compa Challenge y exhibiciones de boxeo para complementar la experiencia de los asistentes.<\/p>\n\n\n\n<p class=\"wp-block-paragraph\">Los ganadores de las principales categor\u00edas recibir\u00e1n, adem\u00e1s de sus reconocimientos, un vale de consumo por 10 mil pesos en marcas seleccionadas de CY Alimentos, mientras que quienes obtengan el Mejor Dogo de la H tendr\u00e1n un espacio gratuito en el quinto Festival del Globo.<\/p>\n\n\n\n<p class=\"wp-block-paragraph\">Con esta tercera edici\u00f3n, el Gobierno Municipal y la Direcci\u00f3n de Desarrollo Tur\u00edstico refrendan su apuesta por impulsar eventos que fortalezcan la identidad gastron\u00f3mica de Hermosillo, generen convivencia familiar y reconozcan a los negocios locales que forman parte de la tradici\u00f3n del dogo.<\/p>\n\n\n\n<p class=\"has-text-align-center wp-block-paragraph\"><img loading=\"lazy\" decoding=\"async\" width=\"500\" height=\"668\" class=\"wp-image-33288\" style=\"width: 500px;\" src=\"https:\/\/elreporterodelacomunidad.com\/wp-content\/uploads\/2026\/09\/b7b3895f-1bea-46e7-97fc-66608cb54707-1.jpg\" alt=\"\" srcset=\"https:\/\/elreporterodelacomunidad.com\/wp-content\/uploads\/2026\/09\/b7b3895f-1bea-46e7-97fc-66608cb54707-1.jpg 1053w, https:\/\/elreporterodelacomunidad.com\/wp-content\/uploads\/2026\/09\/b7b3895f-1bea-46e7-97fc-66608cb54707-1-225x300.jpg 225w, https:\/\/elreporterodelacomunidad.com\/wp-content\/uploads\/2026\/09\/b7b3895f-1bea-46e7-97fc-66608cb54707-1-766x1024.jpg 766w, https:\/\/elreporterodelacomunidad.com\/wp-content\/uploads\/2026\/09\/b7b3895f-1bea-46e7-97fc-66608cb54707-1-768x1026.jpg 768w, https:\/\/elreporterodelacomunidad.com\/wp-content\/uploads\/2026\/09\/b7b3895f-1bea-46e7-97fc-66608cb54707-1-750x1002.jpg 750w\" sizes=\"auto, (max-width: 500px) 100vw, 500px\" \/><\/p>\n","protected":false},"excerpt":{"rendered":"<p>M\u00e1s de 30 carretas participar\u00e1n este domingo 6 de septiembre, donde habr\u00e1 concursos, m\u00fasica, actividades familiares y una celebraci\u00f3n a uno de los sabores m\u00e1s representativos de la capital sonorense. Hermosillo, Sonora; 3 de septiembre de 2026.-\u00a0Este domingo 6 de septiembre, Hermosillo vivir\u00e1 la tercera edici\u00f3n del Dogo Fest de V\u00edactiva, un encuentro gastron\u00f3mico que [&hellip;]<\/p>\n","protected":false},"author":4,"featured_media":33287,"comment_status":"open","ping_status":"open","sticky":false,"template":"","format":"standard","meta":{"footnotes":""},"categories":[31],"tags":[],"class_list":["post-33286","post","type-post","status-publish","format-standard","has-post-thumbnail","hentry","category-espectaculos"],"_links":{"self":[{"href":"https:\/\/elreporterodelacomunidad.com\/index.php\/wp-json\/wp\/v2\/posts\/33286","targetHints":{"allow":["GET"]}}],"collection":[{"href":"https:\/\/elreporterodelacomunidad.com\/index.php\/wp-json\/wp\/v2\/posts"}],"about":[{"href":"https:\/\/elreporterodelacomunidad.com\/index.php\/wp-json\/wp\/v2\/types\/post"}],"author":[{"embeddable":true,"href":"https:\/\/elreporterodelacomunidad.com\/index.php\/wp-json\/wp\/v2\/users\/4"}],"replies":[{"embeddable":true,"href":"https:\/\/elreporterodelacomunidad.com\/index.php\/wp-json\/wp\/v2\/comments?post=33286"}],"version-history":[{"count":1,"href":"https:\/\/elreporterodelacomunidad.com\/index.php\/wp-json\/wp\/v2\/posts\/33286\/revisions"}],"predecessor-version":[{"id":33289,"href":"https:\/\/elreporterodelacomunidad.com\/index.php\/wp-json\/wp\/v2\/posts\/33286\/revisions\/33289"}],"wp:featuredmedia":[{"embeddable":true,"href":"https:\/\/elreporterodelacomunidad.com\/index.php\/wp-json\/wp\/v2\/media\/33287"}],"wp:attachment":[{"href":"https:\/\/elreporterodelacomunidad.com\/index.php\/wp-json\/wp\/v2\/media?parent=33286"}],"wp:term":[{"taxonomy":"category","embeddable":true,"href":"https:\/\/elreporterodelacomunidad.com\/index.php\/wp-json\/wp\/v2\/categories?post=33286"},{"taxonomy":"post_tag","embeddable":true,"href":"https:\/\/elreporterodelacomunidad.com\/index.php\/wp-json\/wp\/v2\/tags?post=33286"}],"curies":[{"name":"wp","href":"https:\/\/api.w.org\/{rel}","templated":true}]}}