{"id":33282,"date":"2026-09-03T18:25:21","date_gmt":"2026-09-04T01:25:21","guid":{"rendered":"https:\/\/elreporterodelacomunidad.com\/?p=33282"},"modified":"2026-09-03T18:25:21","modified_gmt":"2026-09-04T01:25:21","slug":"fgjes-captura-a-tres-personas-relacionadas-con-hechos-registrados-en-el-cum-en-hermosillo","status":"publish","type":"post","link":"https:\/\/elreporterodelacomunidad.com\/index.php\/2026\/09\/03\/fgjes-captura-a-tres-personas-relacionadas-con-hechos-registrados-en-el-cum-en-hermosillo\/","title":{"rendered":"FGJES captura a tres personas relacionadas con hechos registrados en el CUM en Hermosillo"},"content":{"rendered":"\n<p class=\"wp-block-paragraph\">Tambi\u00e9n est\u00e1n relacionados con homicidios cometidos en la capital del Estado<\/p>\n\n\n\n<p class=\"wp-block-paragraph\">Adem\u00e1s, un \u201cinfluencer\u201d fue asegurado por promover actividades vinculadas con la venta de drogas<\/p>\n\n\n\n<p class=\"wp-block-paragraph\">Hermosillo, Sonora, 3 de septiembre de 2026.- La Fiscal\u00eda General de Justicia del Estado de Sonora (FGJES) informa, en avance de las investigaciones que tres personas se encuentran detenidas por su probable relaci\u00f3n con los hechos registrados el pasado 28 de agosto en el Centro de Usos M\u00faltiples (CUM) de Hermosillo; adem\u00e1s, las diligencias los relacionan con diversos homicidios ocurridos recientemente en la capital del Estado.<\/p>\n\n\n\n<p class=\"wp-block-paragraph\">El Fiscal General en Sonora, Gustavo R\u00f3mulo Salas Ch\u00e1vez, se\u00f1al\u00f3 que los tres detenidos son objeto de diligencias ministeriales y, en las pr\u00f3ximas horas, ser\u00e1n puestos a disposici\u00f3n de la autoridad judicial correspondiente para continuar con el proceso legal. \u201cEstos sujetos ya no seguir\u00e1n generando violencia en la ciudad\u201d, puntualiz\u00f3.<\/p>\n\n\n\n<p class=\"wp-block-paragraph\">Como parte de las mismas investigaciones, fue capturado un cuarto individuo, identificado p\u00fablicamente como \u201cinfluencer\u201d, quien presuntamente utilizaba sus plataformas para promover actividades vinculadas con la venta de drogas durante diversos eventos y quien, adem\u00e1s, contaba con una orden de aprehensi\u00f3n vigente.<\/p>\n\n\n\n<p class=\"wp-block-paragraph\">La FGJES mantiene abiertas otras l\u00edneas de investigaci\u00f3n respecto de personas que formaban parte del elenco programado para el evento y que cuentan con carpetas de investigaci\u00f3n en integraci\u00f3n. Conforme avancen los datos de prueba, los expedientes que jur\u00eddicamente correspondan ser\u00e1n judicializados ante los tribunales.<\/p>\n\n\n\n<p class=\"wp-block-paragraph\">Los hechos investigados ocurrieron la noche del 28 de agosto, cuando sujetos, integrantes de un grupo criminal, ingresaron al CUM e incendiaron un ring donde estaba previsto realizar un espect\u00e1culo con influencers y boxeadores.<\/p>\n\n\n\n<p class=\"wp-block-paragraph\">El Fiscal General destac\u00f3 que las investigaciones se desarrollan de manera permanente dentro del Gabinete de Seguridad, con participaci\u00f3n de las instituciones que integran la Mesa Estatal de Seguridad.<\/p>\n\n\n\n<p class=\"wp-block-paragraph\">La Fiscal\u00eda General de Justicia del Estado de Sonora continuar\u00e1 investigando y ejercer\u00e1 acci\u00f3n penal contra quien resulte responsable, incluso dar\u00e1 vista el \u00e1mbito Federal si as\u00ed corresponde, respetando en todo momento el debido proceso y la presunci\u00f3n de inocencia.<\/p>\n","protected":false},"excerpt":{"rendered":"<p>Tambi\u00e9n est\u00e1n relacionados con homicidios cometidos en la capital del Estado Adem\u00e1s, un \u201cinfluencer\u201d fue asegurado por promover actividades vinculadas con la venta de drogas Hermosillo, Sonora, 3 de septiembre de 2026.- La Fiscal\u00eda General de Justicia del Estado de Sonora (FGJES) informa, en avance de las investigaciones que tres personas se encuentran detenidas por [&hellip;]<\/p>\n","protected":false},"author":1,"featured_media":33161,"comment_status":"open","ping_status":"open","sticky":false,"template":"","format":"standard","meta":{"footnotes":""},"categories":[34,26],"tags":[],"class_list":["post-33282","post","type-post","status-publish","format-standard","has-post-thumbnail","hentry","category-general","category-principal"],"_links":{"self":[{"href":"https:\/\/elreporterodelacomunidad.com\/index.php\/wp-json\/wp\/v2\/posts\/33282","targetHints":{"allow":["GET"]}}],"collection":[{"href":"https:\/\/elreporterodelacomunidad.com\/index.php\/wp-json\/wp\/v2\/posts"}],"about":[{"href":"https:\/\/elreporterodelacomunidad.com\/index.php\/wp-json\/wp\/v2\/types\/post"}],"author":[{"embeddable":true,"href":"https:\/\/elreporterodelacomunidad.com\/index.php\/wp-json\/wp\/v2\/users\/1"}],"replies":[{"embeddable":true,"href":"https:\/\/elreporterodelacomunidad.com\/index.php\/wp-json\/wp\/v2\/comments?post=33282"}],"version-history":[{"count":1,"href":"https:\/\/elreporterodelacomunidad.com\/index.php\/wp-json\/wp\/v2\/posts\/33282\/revisions"}],"predecessor-version":[{"id":33285,"href":"https:\/\/elreporterodelacomunidad.com\/index.php\/wp-json\/wp\/v2\/posts\/33282\/revisions\/33285"}],"wp:featuredmedia":[{"embeddable":true,"href":"https:\/\/elreporterodelacomunidad.com\/index.php\/wp-json\/wp\/v2\/media\/33161"}],"wp:attachment":[{"href":"https:\/\/elreporterodelacomunidad.com\/index.php\/wp-json\/wp\/v2\/media?parent=33282"}],"wp:term":[{"taxonomy":"category","embeddable":true,"href":"https:\/\/elreporterodelacomunidad.com\/index.php\/wp-json\/wp\/v2\/categories?post=33282"},{"taxonomy":"post_tag","embeddable":true,"href":"https:\/\/elreporterodelacomunidad.com\/index.php\/wp-json\/wp\/v2\/tags?post=33282"}],"curies":[{"name":"wp","href":"https:\/\/api.w.org\/{rel}","templated":true}]}}