{"id":33276,"date":"2026-09-02T18:03:37","date_gmt":"2026-09-03T01:03:37","guid":{"rendered":"https:\/\/elreporterodelacomunidad.com\/?p=33276"},"modified":"2026-09-02T18:03:38","modified_gmt":"2026-09-03T01:03:38","slug":"proteccion-civil-pronostica-lluvias-y-altas-temperaturas-en-sonora","status":"publish","type":"post","link":"https:\/\/elreporterodelacomunidad.com\/index.php\/2026\/09\/02\/proteccion-civil-pronostica-lluvias-y-altas-temperaturas-en-sonora\/","title":{"rendered":"Protecci\u00f3n Civil pronostica lluvias y altas temperaturas en Sonora"},"content":{"rendered":"\n<p class=\"wp-block-paragraph\">Hermosillo, Sonora, 2 de septiembre.- El Gobierno de Sonora, a trav\u00e9s de la Coordinaci\u00f3n Estatal de Protecci\u00f3n Civil (CEPC), informa que condiciones de calor, humedad y posibilidad de lluvias acompa\u00f1adas de actividad el\u00e9ctrica se mantendr\u00e1n sobre Sonora durante este mi\u00e9rcoles, jueves y viernes, de acuerdo con la revisi\u00f3n de los pron\u00f3sticos de la Comisi\u00f3n Nacional del Agua (Conagua), as\u00ed como de otros modelos meteorol\u00f3gicos.<\/p>\n\n\n\n<p class=\"wp-block-paragraph\">El Servicio Meteorol\u00f3gico Nacional (SMN) de Conagua mantiene para este mi\u00e9rcoles 2 de septiembre la posibilidad de lluvias puntuales muy fuertes en Sonora, particularmente asociadas a la interacci\u00f3n de sistemas de humedad con las condiciones propias del monz\u00f3n mexicano.<\/p>\n\n\n\n<p class=\"wp-block-paragraph\">El organismo advierte que las precipitaciones pueden presentarse acompa\u00f1adas de descargas el\u00e9ctricas, rachas de viento y posible ca\u00edda de granizo, por lo que se recomienda a la poblaci\u00f3n extremar precauciones, especialmente en zonas donde puedan registrarse acumulaciones importantes de agua.<\/p>\n\n\n\n<p class=\"wp-block-paragraph\">Para el jueves 3 y viernes 4 de septiembre, los modelos meteorol\u00f3gicos mantienen condiciones favorables para la formaci\u00f3n de tormentas, principalmente durante las tardes y noches, aunque la distribuci\u00f3n de las precipitaciones ser\u00e1 irregular y depender\u00e1 de la evoluci\u00f3n de los n\u00facleos convectivos.<\/p>\n\n\n\n<p class=\"wp-block-paragraph\">Adem\u00e1s, continuar\u00e1 predominando un ambiente muy caluroso, con menores posibilidades de precipitaci\u00f3n.<\/p>\n\n\n\n<p class=\"wp-block-paragraph\">Ante estas condiciones, se recomienda a la poblaci\u00f3n tomar medidas preventivas, como evitar cruzar calles, vados, arroyos y zonas inundadas durante o despu\u00e9s de las lluvias, as\u00ed como retirar de patios y azoteas objetos que puedan ser desplazados por el viento.<\/p>\n\n\n\n<p class=\"wp-block-paragraph\">Asimismo, ante las altas temperaturas, se recomienda mantenerse bien hidratado, evitar la exposici\u00f3n prolongada al sol, utilizar ropa ligera y de colores claros, as\u00ed como prestar especial atenci\u00f3n a ni\u00f1as, ni\u00f1os, adultos mayores y personas que realizan actividades al aire libre.<\/p>\n\n\n\n<p class=\"wp-block-paragraph\">Y ante cualquier emergencia, recuerde marcar la l\u00ednea telef\u00f3nica 9-1-1.<\/p>\n\n\n\n<p class=\"has-text-align-center wp-block-paragraph\"><img loading=\"lazy\" decoding=\"async\" width=\"500\" height=\"220\" class=\"wp-image-33278\" style=\"width: 500px;\" src=\"https:\/\/elreporterodelacomunidad.com\/wp-content\/uploads\/2026\/09\/73F1AAD5-1026-4AF4-AEEB-A99F7AC37773.jpeg\" alt=\"\" srcset=\"https:\/\/elreporterodelacomunidad.com\/wp-content\/uploads\/2026\/09\/73F1AAD5-1026-4AF4-AEEB-A99F7AC37773.jpeg 1200w, https:\/\/elreporterodelacomunidad.com\/wp-content\/uploads\/2026\/09\/73F1AAD5-1026-4AF4-AEEB-A99F7AC37773-300x132.jpeg 300w, https:\/\/elreporterodelacomunidad.com\/wp-content\/uploads\/2026\/09\/73F1AAD5-1026-4AF4-AEEB-A99F7AC37773-1024x450.jpeg 1024w, https:\/\/elreporterodelacomunidad.com\/wp-content\/uploads\/2026\/09\/73F1AAD5-1026-4AF4-AEEB-A99F7AC37773-768x337.jpeg 768w, https:\/\/elreporterodelacomunidad.com\/wp-content\/uploads\/2026\/09\/73F1AAD5-1026-4AF4-AEEB-A99F7AC37773-750x329.jpeg 750w, https:\/\/elreporterodelacomunidad.com\/wp-content\/uploads\/2026\/09\/73F1AAD5-1026-4AF4-AEEB-A99F7AC37773-1140x501.jpeg 1140w\" sizes=\"auto, (max-width: 500px) 100vw, 500px\" \/><\/p>\n","protected":false},"excerpt":{"rendered":"<p>Hermosillo, Sonora, 2 de septiembre.- El Gobierno de Sonora, a trav\u00e9s de la Coordinaci\u00f3n Estatal de Protecci\u00f3n Civil (CEPC), informa que condiciones de calor, humedad y posibilidad de lluvias acompa\u00f1adas de actividad el\u00e9ctrica se mantendr\u00e1n sobre Sonora durante este mi\u00e9rcoles, jueves y viernes, de acuerdo con la revisi\u00f3n de los pron\u00f3sticos de la Comisi\u00f3n Nacional [&hellip;]<\/p>\n","protected":false},"author":4,"featured_media":33277,"comment_status":"open","ping_status":"open","sticky":false,"template":"","format":"standard","meta":{"footnotes":""},"categories":[40],"tags":[],"class_list":["post-33276","post","type-post","status-publish","format-standard","has-post-thumbnail","hentry","category-cienciaytecnologia"],"_links":{"self":[{"href":"https:\/\/elreporterodelacomunidad.com\/index.php\/wp-json\/wp\/v2\/posts\/33276","targetHints":{"allow":["GET"]}}],"collection":[{"href":"https:\/\/elreporterodelacomunidad.com\/index.php\/wp-json\/wp\/v2\/posts"}],"about":[{"href":"https:\/\/elreporterodelacomunidad.com\/index.php\/wp-json\/wp\/v2\/types\/post"}],"author":[{"embeddable":true,"href":"https:\/\/elreporterodelacomunidad.com\/index.php\/wp-json\/wp\/v2\/users\/4"}],"replies":[{"embeddable":true,"href":"https:\/\/elreporterodelacomunidad.com\/index.php\/wp-json\/wp\/v2\/comments?post=33276"}],"version-history":[{"count":1,"href":"https:\/\/elreporterodelacomunidad.com\/index.php\/wp-json\/wp\/v2\/posts\/33276\/revisions"}],"predecessor-version":[{"id":33279,"href":"https:\/\/elreporterodelacomunidad.com\/index.php\/wp-json\/wp\/v2\/posts\/33276\/revisions\/33279"}],"wp:featuredmedia":[{"embeddable":true,"href":"https:\/\/elreporterodelacomunidad.com\/index.php\/wp-json\/wp\/v2\/media\/33277"}],"wp:attachment":[{"href":"https:\/\/elreporterodelacomunidad.com\/index.php\/wp-json\/wp\/v2\/media?parent=33276"}],"wp:term":[{"taxonomy":"category","embeddable":true,"href":"https:\/\/elreporterodelacomunidad.com\/index.php\/wp-json\/wp\/v2\/categories?post=33276"},{"taxonomy":"post_tag","embeddable":true,"href":"https:\/\/elreporterodelacomunidad.com\/index.php\/wp-json\/wp\/v2\/tags?post=33276"}],"curies":[{"name":"wp","href":"https:\/\/api.w.org\/{rel}","templated":true}]}}