{"id":33269,"date":"2026-09-02T17:46:04","date_gmt":"2026-09-03T00:46:04","guid":{"rendered":"https:\/\/elreporterodelacomunidad.com\/?p=33269"},"modified":"2026-09-02T17:46:05","modified_gmt":"2026-09-03T00:46:05","slug":"dialogan-en-el-congreso-de-sonora-sobre-iniciativa-en-materia-de-tamiz-neonatal-cardiologico","status":"publish","type":"post","link":"https:\/\/elreporterodelacomunidad.com\/index.php\/2026\/09\/02\/dialogan-en-el-congreso-de-sonora-sobre-iniciativa-en-materia-de-tamiz-neonatal-cardiologico\/","title":{"rendered":"Dialogan en el Congreso de Sonora sobre iniciativa en materia de tamiz neonatal cardiol\u00f3gico"},"content":{"rendered":"\n<p class=\"wp-block-paragraph\"><strong>Hermosillo, Sonora; 2 de septiembre de 2026.-&nbsp;<\/strong>Con el prop\u00f3sito de generar un espacio de di\u00e1logo para escuchar perspectivas, experiencias y propuestas, la Comisi\u00f3n de Salud del Congreso del Estado realiz\u00f3 un ejercicio de Parlamento Abierto sobre la iniciativa de reforma a la Ley de Salud del Estado en materia de tamiz neonatal cardiol\u00f3gico.<\/p>\n\n\n\n<p class=\"wp-block-paragraph\">Al dar la bienvenida, la diputada Ros\u00e1ngela Amairany Pe\u00f1a Escalante (PES), presidenta de la Comisi\u00f3n de Salud, destac\u00f3 que el Poder Legislativo tiene la responsabilidad de impulsar este tipo de ejercicios, a fin de acercar las iniciativas a la ciudadan\u00eda.<\/p>\n\n\n\n<p class=\"wp-block-paragraph\">Por su parte, el diputado Omar Francisco Del Valle Colosio (PVEM), promovente de la iniciativa, explic\u00f3 que la propuesta busca armonizar la legislaci\u00f3n estatal con la normativa federal, con el objetivo de fortalecer la detecci\u00f3n oportuna de cardiopat\u00edas cong\u00e9nitas graves o cr\u00edticas mediante la realizaci\u00f3n del tamiz cardiol\u00f3gico neonatal entre las primeras 24 y 48 horas de vida, antes del alta hospitalaria.<\/p>\n\n\n\n<p class=\"wp-block-paragraph\">Record\u00f3 que Sonora incorpor\u00f3 el tamiz cardiol\u00f3gico neonatal a su legislaci\u00f3n desde 2017; sin embargo, se\u00f1al\u00f3 que la armonizaci\u00f3n propuesta permitir\u00e1 brindar mayor certeza respecto al momento en que debe realizarse esta prueba y contribuir\u00e1 a fortalecer las acciones de detecci\u00f3n temprana.<\/p>\n\n\n\n<p class=\"wp-block-paragraph\">A su vez, Luis Fernando Torres L\u00f3pez, subdirector del Centro de Investigaciones Parlamentarias del Estado (Cipes), inform\u00f3 que en Sonora se registran alrededor de 33 mil nacimientos al a\u00f1o, por lo que la propuesta representar\u00eda una oportunidad para ampliar la detecci\u00f3n temprana de cardiopat\u00edas cong\u00e9nitas y mejorar la atenci\u00f3n de las y los reci\u00e9n nacidos.<\/p>\n\n\n\n<p class=\"wp-block-paragraph\">El tamiz cardiol\u00f3gico neonatal consiste en una prueba r\u00e1pida y no invasiva que se realiza a los reci\u00e9n nacidos para identificar oportunamente posibles problemas cardiacos y, en caso de obtener un resultado sospechoso, facilitar la valoraci\u00f3n m\u00e9dica correspondiente.<\/p>\n\n\n\n<p class=\"wp-block-paragraph\">Durante el ejercicio de Parlamento Abierto, las y los participantes plantearon diversas propuestas, entre ellas, capacitar al personal de salud para la aplicaci\u00f3n de las pruebas; elaborar una gu\u00eda pr\u00e1ctica para estandarizar el procedimiento; garantizar la disponibilidad de insumos en las instituciones de salud; y promover la capacitaci\u00f3n de estudiantes de carreras relacionadas con el \u00e1rea m\u00e9dica.<\/p>\n\n\n\n<p class=\"wp-block-paragraph\">De igual forma, se compartieron testimonios y experiencias relacionadas con la detecci\u00f3n y atenci\u00f3n de estos padecimientos.<\/p>\n\n\n\n<p class=\"wp-block-paragraph\">En el encuentro estuvieron presentes la diputada Ely Sallard Hern\u00e1ndez (Morena) y los diputados Ra\u00fal Gonz\u00e1lez de la Vega (PVEM) y Ren\u00e9 Edmundo Garc\u00eda Rojo (PT), as\u00ed como Jorge Laureano Eugenio, subsecretario de Servicios de Salud, y Erika Flor Sosa Cruz, especialista en Pediatr\u00eda y Cardiolog\u00eda Pedi\u00e1trica.<\/p>\n\n\n\n<p class=\"wp-block-paragraph\">Tambi\u00e9n participaron representantes de instituciones de salud, especialistas, personal m\u00e9dico y de enfermer\u00eda, organizaciones de la sociedad civil, personal docente y estudiantes, entre otros.<\/p>\n\n\n\n<p class=\"wp-block-paragraph\">La iniciativa completa puede consultarse en el micrositio habilitado en la p\u00e1gina oficial del Congreso del Estado de Sonora,\u00a0<a href=\"http:\/\/congresoson.gob.mx\/\" target=\"_blank\" rel=\"noopener\">congresoson.gob.mx<\/a>. Asimismo, se pueden enviar comentarios y opiniones a los correos electr\u00f3nicos\u00a0<a href=\"mailto:amairany.pena@congresoson.gob.mx\">amairany.pena@congresoson.gob.mx<\/a>\u00a0y\u00a0<a href=\"mailto:omar.delvalle@congresoson.gob.mx\">omar.delvalle@congresoson.gob.mx<\/a>. <\/p>\n\n\n\n<p class=\"has-text-align-center wp-block-paragraph\"><img loading=\"lazy\" decoding=\"async\" width=\"500\" height=\"230\" class=\"wp-image-33271\" style=\"width: 500px;\" src=\"https:\/\/elreporterodelacomunidad.com\/wp-content\/uploads\/2026\/09\/bfa51a9d-60cf-4c10-8c43-797aaac4cdde.jpg\" alt=\"\" srcset=\"https:\/\/elreporterodelacomunidad.com\/wp-content\/uploads\/2026\/09\/bfa51a9d-60cf-4c10-8c43-797aaac4cdde.jpg 1600w, https:\/\/elreporterodelacomunidad.com\/wp-content\/uploads\/2026\/09\/bfa51a9d-60cf-4c10-8c43-797aaac4cdde-300x138.jpg 300w, https:\/\/elreporterodelacomunidad.com\/wp-content\/uploads\/2026\/09\/bfa51a9d-60cf-4c10-8c43-797aaac4cdde-1024x471.jpg 1024w, https:\/\/elreporterodelacomunidad.com\/wp-content\/uploads\/2026\/09\/bfa51a9d-60cf-4c10-8c43-797aaac4cdde-768x353.jpg 768w, https:\/\/elreporterodelacomunidad.com\/wp-content\/uploads\/2026\/09\/bfa51a9d-60cf-4c10-8c43-797aaac4cdde-1536x707.jpg 1536w, https:\/\/elreporterodelacomunidad.com\/wp-content\/uploads\/2026\/09\/bfa51a9d-60cf-4c10-8c43-797aaac4cdde-750x345.jpg 750w, https:\/\/elreporterodelacomunidad.com\/wp-content\/uploads\/2026\/09\/bfa51a9d-60cf-4c10-8c43-797aaac4cdde-1140x524.jpg 1140w\" sizes=\"auto, (max-width: 500px) 100vw, 500px\" \/><\/p>\n","protected":false},"excerpt":{"rendered":"<p>Hermosillo, Sonora; 2 de septiembre de 2026.-&nbsp;Con el prop\u00f3sito de generar un espacio de di\u00e1logo para escuchar perspectivas, experiencias y propuestas, la Comisi\u00f3n de Salud del Congreso del Estado realiz\u00f3 un ejercicio de Parlamento Abierto sobre la iniciativa de reforma a la Ley de Salud del Estado en materia de tamiz neonatal cardiol\u00f3gico. Al dar [&hellip;]<\/p>\n","protected":false},"author":4,"featured_media":33270,"comment_status":"open","ping_status":"open","sticky":false,"template":"","format":"standard","meta":{"footnotes":""},"categories":[40],"tags":[],"class_list":["post-33269","post","type-post","status-publish","format-standard","has-post-thumbnail","hentry","category-cienciaytecnologia"],"_links":{"self":[{"href":"https:\/\/elreporterodelacomunidad.com\/index.php\/wp-json\/wp\/v2\/posts\/33269","targetHints":{"allow":["GET"]}}],"collection":[{"href":"https:\/\/elreporterodelacomunidad.com\/index.php\/wp-json\/wp\/v2\/posts"}],"about":[{"href":"https:\/\/elreporterodelacomunidad.com\/index.php\/wp-json\/wp\/v2\/types\/post"}],"author":[{"embeddable":true,"href":"https:\/\/elreporterodelacomunidad.com\/index.php\/wp-json\/wp\/v2\/users\/4"}],"replies":[{"embeddable":true,"href":"https:\/\/elreporterodelacomunidad.com\/index.php\/wp-json\/wp\/v2\/comments?post=33269"}],"version-history":[{"count":1,"href":"https:\/\/elreporterodelacomunidad.com\/index.php\/wp-json\/wp\/v2\/posts\/33269\/revisions"}],"predecessor-version":[{"id":33272,"href":"https:\/\/elreporterodelacomunidad.com\/index.php\/wp-json\/wp\/v2\/posts\/33269\/revisions\/33272"}],"wp:featuredmedia":[{"embeddable":true,"href":"https:\/\/elreporterodelacomunidad.com\/index.php\/wp-json\/wp\/v2\/media\/33270"}],"wp:attachment":[{"href":"https:\/\/elreporterodelacomunidad.com\/index.php\/wp-json\/wp\/v2\/media?parent=33269"}],"wp:term":[{"taxonomy":"category","embeddable":true,"href":"https:\/\/elreporterodelacomunidad.com\/index.php\/wp-json\/wp\/v2\/categories?post=33269"},{"taxonomy":"post_tag","embeddable":true,"href":"https:\/\/elreporterodelacomunidad.com\/index.php\/wp-json\/wp\/v2\/tags?post=33269"}],"curies":[{"name":"wp","href":"https:\/\/api.w.org\/{rel}","templated":true}]}}