{"id":33265,"date":"2026-09-02T17:35:01","date_gmt":"2026-09-03T00:35:01","guid":{"rendered":"https:\/\/elreporterodelacomunidad.com\/?p=33265"},"modified":"2026-09-02T17:35:02","modified_gmt":"2026-09-03T00:35:02","slug":"presenta-coparmex-sonora-norte-la-19-a-edicion-delforo-empresarial-ideas-en-movimiento","status":"publish","type":"post","link":"https:\/\/elreporterodelacomunidad.com\/index.php\/2026\/09\/02\/presenta-coparmex-sonora-norte-la-19-a-edicion-delforo-empresarial-ideas-en-movimiento\/","title":{"rendered":"Presenta COPARMEX Sonora Norte la 19.\u00aa edici\u00f3n delForo Empresarial \u201cIdeas en Movimiento\u201d"},"content":{"rendered":"\n<p class=\"wp-block-paragraph\">Hermosillo, Sonora a septiembre 2 de 2026. \u2013 Con el prop\u00f3sito de generar un espacio de an\u00e1lisis sobre los temas que est\u00e1n marcando el rumbo de M\u00e9xico y el mundo, COPARMEX Sonora Norte present\u00f3 oficialmente la 19.\u00aa edici\u00f3n del Foro Empresarial \u201cIdeas en Movimiento\u201d, uno de los eventos empresariales de mayor relevancia en la regi\u00f3n.<\/p>\n\n\n\n<p class=\"wp-block-paragraph\">El presidente de COPARMEX Sonora Norte, Jaime F\u00e9lix G\u00e1ndara, destac\u00f3 que el Foro Empresarial fue creado con el objetivo de presentar en Sonora voces y especialistas que normalmente participan en los grandes escenarios empresariales de las principales ciudades del pa\u00eds.<\/p>\n\n\n\n<p class=\"wp-block-paragraph\">\u201cDespu\u00e9s de casi dos d\u00e9cadas, podemos decir que ese prop\u00f3sito se ha mantenido. Hoy \u2018Ideas en Movimiento\u2019 es un espacio que re\u00fane a empresarios, directivos, y l\u00edderes de opini\u00f3n para escuchar diferentes perspectivas sobre los temas que est\u00e1n marcando el rumbo de M\u00e9xico y del mundo\u201d, se\u00f1al\u00f3.<\/p>\n\n\n\n<p class=\"wp-block-paragraph\">La 19.\u00aa edici\u00f3n del Foro Empresarial se llevar\u00e1 a cabo el pr\u00f3ximo mi\u00e9rcoles 14 de octubre, a partir de las 7:30 de la ma\u00f1ana, en Villa Toscana, Hermosillo, y se espera la participaci\u00f3n de m\u00e1s de 500 l\u00edderes empresariales de diferentes sectores y giros productivos.<\/p>\n\n\n\n<p class=\"wp-block-paragraph\">En esta edici\u00f3n, el programa abordar\u00e1 cuatro temas de especial relevancia para el sector empresarial: econom\u00eda, contexto pol\u00edtico de M\u00e9xico e inteligencia artificial, partiendo de la relaci\u00f3n que estos factores tienen con las decisiones que se toman dentro de las empresas.<\/p>\n\n\n\n<p class=\"wp-block-paragraph\">Al presentar el programa de esta edici\u00f3n, el coordinador general del Foro Empresarial, Mario Arturo Moreno Morales, destac\u00f3 que se busc\u00f3 integrar perfiles con distintas perspectivas y especialidades para enriquecer la conversaci\u00f3n empresarial.<br>\u201cEn la edici\u00f3n 2026, el Foro Empresarial de COPARMEX \u2018Ideas en Movimiento\u2019 contar\u00e1 con la participaci\u00f3n de reconocidas personalidades especialistas en temas de an\u00e1lisis econ\u00f3mico, geopol\u00edtico, social e inteligencia artificial\u201d, expres\u00f3.<\/p>\n\n\n\n<p class=\"wp-block-paragraph\">El programa contar\u00e1 con la participaci\u00f3n de Alejandro G\u00f3mez Tamez, economista por el Tecnol\u00f3gico de Monterrey y maestro por la Universidad de Wisconsin-Madison, fundador y director general de GAEAP, con amplia experiencia en an\u00e1lisis econ\u00f3mico y financiero. Presentar\u00e1 \u201cM\u00e9xico en el cruce de caminos\u201d, donde abordar\u00e1 las perspectivas econ\u00f3micas, el T-MEC y los escenarios que definir\u00e1n el rumbo de las empresas.<\/p>\n\n\n\n<p class=\"wp-block-paragraph\">Posteriormente, Ram\u00f3n Alberto Garza Garc\u00eda, periodista y analista con m\u00e1s de cinco d\u00e9cadas de trayectoria, exdirector editorial de El Norte, director fundador de Reforma y fundador de Reporte \u00cdndigo, presentar\u00e1 \u201cEl poder detr\u00e1s del poder\u201d, con las claves para entender el nuevo escenario de M\u00e9xico.<\/p>\n\n\n\n<p class=\"wp-block-paragraph\">A su vez, H\u00e9ctor de Maule\u00f3n, escritor, periodista y cronista, columnista de El Universal y autor de diversas obras sobre M\u00e9xico, abordar\u00e1 \u201cEl nuevo mapa de M\u00e9xico\u201d, con una perspectiva sobre poder, seguridad y riesgos para quienes toman decisiones.<\/p>\n\n\n\n<p class=\"wp-block-paragraph\">Finalmente, Juan Javier Ibarra Pitts, especialista en inteligencia artificial, innovaci\u00f3n y transformaci\u00f3n empresarial, fundador y CEO de HUMANN, DEEP NOVA y MINDSET, presentar\u00e1 \u201cLa experiencia no se reemplaza. Se potencia.\u201d, una conferencia sobre el uso de la inteligencia artificial para multiplicar el talento y la capacidad empresarial.<\/p>\n\n\n\n<p class=\"wp-block-paragraph\">Con este programa, \u201cIdeas en Movimiento\u201d busca generar un espacio para escuchar, analizar, cuestionar y conectar, promoviendo conversaciones que puedan convertirse en nuevas ideas y oportunidades para quienes hacen empresa.<br>El Foro Empresarial se consolida, as\u00ed como un punto de encuentro para el conocimiento, el an\u00e1lisis y la generaci\u00f3n de nuevas perspectivas, con el objetivo de que las empresas puedan tomar mejores decisiones ante un entorno econ\u00f3mico, pol\u00edtico, tecnol\u00f3gico e internacional que cambia r\u00e1pidamente.<\/p>\n\n\n\n<p class=\"wp-block-paragraph\">Los carnets tienen una aportaci\u00f3n especial de $2,000 pesos y pueden adquirirse a trav\u00e9s de eventoscoparmexsonora.com\/foro-empresarial o directamente en las oficinas de COPARMEX Sonora Norte, v\u00eda WhatsApp al (662) 214 4393.<\/p>\n\n\n\n<p class=\"wp-block-paragraph\">COPARMEX Sonora Norte agradeci\u00f3 a los medios de comunicaci\u00f3n y patrocinadores por su respaldo y compromiso para hacer posible una nueva edici\u00f3n de este encuentro empresarial.<\/p>\n","protected":false},"excerpt":{"rendered":"<p>Hermosillo, Sonora a septiembre 2 de 2026. \u2013 Con el prop\u00f3sito de generar un espacio de an\u00e1lisis sobre los temas que est\u00e1n marcando el rumbo de M\u00e9xico y el mundo, COPARMEX Sonora Norte present\u00f3 oficialmente la 19.\u00aa edici\u00f3n del Foro Empresarial \u201cIdeas en Movimiento\u201d, uno de los eventos empresariales de mayor relevancia en la regi\u00f3n. [&hellip;]<\/p>\n","protected":false},"author":4,"featured_media":33267,"comment_status":"open","ping_status":"open","sticky":false,"template":"","format":"standard","meta":{"footnotes":""},"categories":[42],"tags":[],"class_list":["post-33265","post","type-post","status-publish","format-standard","has-post-thumbnail","hentry","category-economia"],"_links":{"self":[{"href":"https:\/\/elreporterodelacomunidad.com\/index.php\/wp-json\/wp\/v2\/posts\/33265","targetHints":{"allow":["GET"]}}],"collection":[{"href":"https:\/\/elreporterodelacomunidad.com\/index.php\/wp-json\/wp\/v2\/posts"}],"about":[{"href":"https:\/\/elreporterodelacomunidad.com\/index.php\/wp-json\/wp\/v2\/types\/post"}],"author":[{"embeddable":true,"href":"https:\/\/elreporterodelacomunidad.com\/index.php\/wp-json\/wp\/v2\/users\/4"}],"replies":[{"embeddable":true,"href":"https:\/\/elreporterodelacomunidad.com\/index.php\/wp-json\/wp\/v2\/comments?post=33265"}],"version-history":[{"count":1,"href":"https:\/\/elreporterodelacomunidad.com\/index.php\/wp-json\/wp\/v2\/posts\/33265\/revisions"}],"predecessor-version":[{"id":33268,"href":"https:\/\/elreporterodelacomunidad.com\/index.php\/wp-json\/wp\/v2\/posts\/33265\/revisions\/33268"}],"wp:featuredmedia":[{"embeddable":true,"href":"https:\/\/elreporterodelacomunidad.com\/index.php\/wp-json\/wp\/v2\/media\/33267"}],"wp:attachment":[{"href":"https:\/\/elreporterodelacomunidad.com\/index.php\/wp-json\/wp\/v2\/media?parent=33265"}],"wp:term":[{"taxonomy":"category","embeddable":true,"href":"https:\/\/elreporterodelacomunidad.com\/index.php\/wp-json\/wp\/v2\/categories?post=33265"},{"taxonomy":"post_tag","embeddable":true,"href":"https:\/\/elreporterodelacomunidad.com\/index.php\/wp-json\/wp\/v2\/tags?post=33265"}],"curies":[{"name":"wp","href":"https:\/\/api.w.org\/{rel}","templated":true}]}}