{"id":33262,"date":"2026-09-02T17:28:14","date_gmt":"2026-09-03T00:28:14","guid":{"rendered":"https:\/\/elreporterodelacomunidad.com\/?p=33262"},"modified":"2026-09-02T17:28:15","modified_gmt":"2026-09-03T00:28:15","slug":"promueve-salud-sonora-uso-responsable-de-celulares-para-cuidar-la-salud-mental-de-ninas-y-ninos","status":"publish","type":"post","link":"https:\/\/elreporterodelacomunidad.com\/index.php\/2026\/09\/02\/promueve-salud-sonora-uso-responsable-de-celulares-para-cuidar-la-salud-mental-de-ninas-y-ninos\/","title":{"rendered":"Promueve Salud Sonora uso responsable de celulares para cuidar la salud mental de ni\u00f1as y ni\u00f1os"},"content":{"rendered":"\n<p class=\"wp-block-paragraph\">Hermosillo, Sonora; 2 de septiembre de 2026.- Para favorecer el desarrollo y la salud mental de ni\u00f1as y ni\u00f1os durante la jornada escolar, el Gobierno de Sonora, a trav\u00e9s de la Secretar\u00eda de Salud P\u00fablica (SSP), promueve el uso responsable y equilibrado de celulares y dispositivos electr\u00f3nicos en escuelas.<\/p>\n\n\n\n<p class=\"wp-block-paragraph\">Cada vez existe mayor inter\u00e9s por acompa\u00f1ar a ni\u00f1as y ni\u00f1os en su relaci\u00f3n con las pantallas y redes sociales, pues aplicaciones como TikTok, Instagram y Facebook requieren supervisi\u00f3n y acompa\u00f1amiento de madres y padres de familia.<\/p>\n\n\n\n<p class=\"wp-block-paragraph\">El uso equilibrado de dispositivos electr\u00f3nicos contribuye a prevenir afectaciones en la psicomotricidad fina, la exposici\u00f3n a contenido inadecuado, as\u00ed como situaciones de bullying, acoso escolar o riesgos derivados de la sobreexposici\u00f3n p\u00fablica desde edades muy tempranas.<\/p>\n\n\n\n<p class=\"wp-block-paragraph\">Jos\u00e9 Antonio Noriega Escalante, director de Salud Mental y Adicciones estatal, plantea regular m\u00e1s que prohibir, involucrando a madres, padres y escuelas para promover un uso responsable y saludable de los dispositivos electr\u00f3nicos.<\/p>\n\n\n\n<p class=\"wp-block-paragraph\">La se\u00f1al de una relaci\u00f3n problem\u00e1tica aparece cuando el menor no puede dejar videojuegos o redes, siente ansiedad sin acceso, evita convivir y prefiere permanecer frente a pantallas constantemente.<\/p>\n\n\n\n<p class=\"wp-block-paragraph\">Por ello, la SSP llama a establecer l\u00edmites, supervisar contenidos y fomentar la convivencia familiar, actividades recreativas y sociales, recordando que las tecnolog\u00edas pueden ser herramientas \u00fatiles cuando existe acompa\u00f1amiento adecuado.<\/p>\n","protected":false},"excerpt":{"rendered":"<p>Hermosillo, Sonora; 2 de septiembre de 2026.- Para favorecer el desarrollo y la salud mental de ni\u00f1as y ni\u00f1os durante la jornada escolar, el Gobierno de Sonora, a trav\u00e9s de la Secretar\u00eda de Salud P\u00fablica (SSP), promueve el uso responsable y equilibrado de celulares y dispositivos electr\u00f3nicos en escuelas. Cada vez existe mayor inter\u00e9s por [&hellip;]<\/p>\n","protected":false},"author":4,"featured_media":33263,"comment_status":"open","ping_status":"open","sticky":false,"template":"","format":"standard","meta":{"footnotes":""},"categories":[40],"tags":[],"class_list":["post-33262","post","type-post","status-publish","format-standard","has-post-thumbnail","hentry","category-cienciaytecnologia"],"_links":{"self":[{"href":"https:\/\/elreporterodelacomunidad.com\/index.php\/wp-json\/wp\/v2\/posts\/33262","targetHints":{"allow":["GET"]}}],"collection":[{"href":"https:\/\/elreporterodelacomunidad.com\/index.php\/wp-json\/wp\/v2\/posts"}],"about":[{"href":"https:\/\/elreporterodelacomunidad.com\/index.php\/wp-json\/wp\/v2\/types\/post"}],"author":[{"embeddable":true,"href":"https:\/\/elreporterodelacomunidad.com\/index.php\/wp-json\/wp\/v2\/users\/4"}],"replies":[{"embeddable":true,"href":"https:\/\/elreporterodelacomunidad.com\/index.php\/wp-json\/wp\/v2\/comments?post=33262"}],"version-history":[{"count":1,"href":"https:\/\/elreporterodelacomunidad.com\/index.php\/wp-json\/wp\/v2\/posts\/33262\/revisions"}],"predecessor-version":[{"id":33264,"href":"https:\/\/elreporterodelacomunidad.com\/index.php\/wp-json\/wp\/v2\/posts\/33262\/revisions\/33264"}],"wp:featuredmedia":[{"embeddable":true,"href":"https:\/\/elreporterodelacomunidad.com\/index.php\/wp-json\/wp\/v2\/media\/33263"}],"wp:attachment":[{"href":"https:\/\/elreporterodelacomunidad.com\/index.php\/wp-json\/wp\/v2\/media?parent=33262"}],"wp:term":[{"taxonomy":"category","embeddable":true,"href":"https:\/\/elreporterodelacomunidad.com\/index.php\/wp-json\/wp\/v2\/categories?post=33262"},{"taxonomy":"post_tag","embeddable":true,"href":"https:\/\/elreporterodelacomunidad.com\/index.php\/wp-json\/wp\/v2\/tags?post=33262"}],"curies":[{"name":"wp","href":"https:\/\/api.w.org\/{rel}","templated":true}]}}