{"id":33259,"date":"2026-09-02T17:23:43","date_gmt":"2026-09-03T00:23:43","guid":{"rendered":"https:\/\/elreporterodelacomunidad.com\/?p=33259"},"modified":"2026-09-02T17:23:44","modified_gmt":"2026-09-03T00:23:44","slug":"capturan-amic-y-defensa-a-mujer-con-narcotico-marihuana-en-navojoa","status":"publish","type":"post","link":"https:\/\/elreporterodelacomunidad.com\/index.php\/2026\/09\/02\/capturan-amic-y-defensa-a-mujer-con-narcotico-marihuana-en-navojoa\/","title":{"rendered":"Capturan AMIC y DEFENSA a mujer con narc\u00f3tico marihuana en Navojoa"},"content":{"rendered":"\n<p class=\"wp-block-paragraph\">Navojoa, Sonora, 2 de septiembre de 2026.- Como resultado de acciones coordinadas contra el narcomenudeo, elementos de la Agencia Ministerial de Investigaci\u00f3n Criminal (AMIC), en apoyo a efectivos de la Secretar\u00eda de la Defensa Nacional (SEDENA), capturaron a Yaneth Sarah\u00ed \u201cN\u201d, de 31 a\u00f1os, en posesi\u00f3n de 109 envoltorios con marihuana en Navojoa.<\/p>\n\n\n\n<p class=\"wp-block-paragraph\">La intervenci\u00f3n se realiz\u00f3 durante un recorrido terrestre sobre calle Chopo, entre 21 de Marzo y 20 de Noviembre, en la colonia Allende, comunidad Oriente de Tesia, en el municipio de Navojoa.<\/p>\n\n\n\n<p class=\"wp-block-paragraph\">De acuerdo con el informe, al advertir la presencia de las unidades oficiales, la imputada presuntamente intent\u00f3 retirarse del lugar, siendo alcanzada metros adelante por los elementos operativos.<\/p>\n\n\n\n<p class=\"wp-block-paragraph\">Durante la inspecci\u00f3n se localizaron 109 envoltorios con marihuana, 350 pesos en efectivo y un bolso de mano, indicios que fueron asegurados para su integraci\u00f3n a la carpeta de investigaci\u00f3n correspondiente.<\/p>\n\n\n\n<p class=\"wp-block-paragraph\">Yaneth Sarah\u00ed \u201cN\u201d y los indicios quedaron a disposici\u00f3n del Agente del Ministerio P\u00fablico, quien determinar\u00e1 lo conducente por el probable delito contra la salud.<\/p>\n\n\n\n<p class=\"wp-block-paragraph\">La Fiscal\u00eda General de Justicia del Estado de Sonora (FGJES) mantiene la coordinaci\u00f3n operativa con autoridades de los tres niveles de Gobierno para combatir el narcomenudeo y retirar de las calles sustancias il\u00edcitas que representan un riesgo para la seguridad de las comunidades de Sonora.<\/p>\n","protected":false},"excerpt":{"rendered":"<p>Navojoa, Sonora, 2 de septiembre de 2026.- Como resultado de acciones coordinadas contra el narcomenudeo, elementos de la Agencia Ministerial de Investigaci\u00f3n Criminal (AMIC), en apoyo a efectivos de la Secretar\u00eda de la Defensa Nacional (SEDENA), capturaron a Yaneth Sarah\u00ed \u201cN\u201d, de 31 a\u00f1os, en posesi\u00f3n de 109 envoltorios con marihuana en Navojoa. La intervenci\u00f3n [&hellip;]<\/p>\n","protected":false},"author":1,"featured_media":33260,"comment_status":"open","ping_status":"open","sticky":false,"template":"","format":"standard","meta":{"footnotes":""},"categories":[32],"tags":[],"class_list":["post-33259","post","type-post","status-publish","format-standard","has-post-thumbnail","hentry","category-policiaca"],"_links":{"self":[{"href":"https:\/\/elreporterodelacomunidad.com\/index.php\/wp-json\/wp\/v2\/posts\/33259","targetHints":{"allow":["GET"]}}],"collection":[{"href":"https:\/\/elreporterodelacomunidad.com\/index.php\/wp-json\/wp\/v2\/posts"}],"about":[{"href":"https:\/\/elreporterodelacomunidad.com\/index.php\/wp-json\/wp\/v2\/types\/post"}],"author":[{"embeddable":true,"href":"https:\/\/elreporterodelacomunidad.com\/index.php\/wp-json\/wp\/v2\/users\/1"}],"replies":[{"embeddable":true,"href":"https:\/\/elreporterodelacomunidad.com\/index.php\/wp-json\/wp\/v2\/comments?post=33259"}],"version-history":[{"count":1,"href":"https:\/\/elreporterodelacomunidad.com\/index.php\/wp-json\/wp\/v2\/posts\/33259\/revisions"}],"predecessor-version":[{"id":33261,"href":"https:\/\/elreporterodelacomunidad.com\/index.php\/wp-json\/wp\/v2\/posts\/33259\/revisions\/33261"}],"wp:featuredmedia":[{"embeddable":true,"href":"https:\/\/elreporterodelacomunidad.com\/index.php\/wp-json\/wp\/v2\/media\/33260"}],"wp:attachment":[{"href":"https:\/\/elreporterodelacomunidad.com\/index.php\/wp-json\/wp\/v2\/media?parent=33259"}],"wp:term":[{"taxonomy":"category","embeddable":true,"href":"https:\/\/elreporterodelacomunidad.com\/index.php\/wp-json\/wp\/v2\/categories?post=33259"},{"taxonomy":"post_tag","embeddable":true,"href":"https:\/\/elreporterodelacomunidad.com\/index.php\/wp-json\/wp\/v2\/tags?post=33259"}],"curies":[{"name":"wp","href":"https:\/\/api.w.org\/{rel}","templated":true}]}}