{"id":33256,"date":"2026-09-02T17:22:39","date_gmt":"2026-09-03T00:22:39","guid":{"rendered":"https:\/\/elreporterodelacomunidad.com\/?p=33256"},"modified":"2026-09-02T17:22:40","modified_gmt":"2026-09-03T00:22:40","slug":"salud-publica-municipal-realiza-334-acciones-de-salud-en-jornada-del-ejido-el-carmen","status":"publish","type":"post","link":"https:\/\/elreporterodelacomunidad.com\/index.php\/2026\/09\/02\/salud-publica-municipal-realiza-334-acciones-de-salud-en-jornada-del-ejido-el-carmen\/","title":{"rendered":"Salud P\u00fablica Municipal realiza 334 acciones de salud en jornada del Ejido El Carmen"},"content":{"rendered":"\n<p class=\"wp-block-paragraph\">-La jornada permiti\u00f3 a habitantes de la comunidad acceder gratuitamente a mediciones de signos vitales, consultas, revisiones optom\u00e9tricas, lentes, atenci\u00f3n dental y estudios preventivos para mujeres.<\/p>\n\n\n\n<p class=\"wp-block-paragraph\">Hermosillo, Sonora; 1 de septiembre, 2026. \u2013 Con servicios m\u00e9dicos, preventivos y de atenci\u00f3n especializada, habitantes del Ejido El Carmen participaron en una Jornada de Salud organizada por la Direcci\u00f3n de Salud P\u00fablica Municipal, donde se realizaron 334 acciones para fortalecer el cuidado de la salud.<\/p>\n\n\n\n<p class=\"wp-block-paragraph\">El director de Salud P\u00fablica Municipal, Luis Becerra Hurtado, destac\u00f3 que estas jornadas forman parte de las acciones del Gobierno Municipal encabezado por Antonio Astiazar\u00e1n Guti\u00e9rrez para acercar servicios de salud y fortalecer la prevenci\u00f3n entre las familias hermosillenses.<\/p>\n\n\n\n<p class=\"wp-block-paragraph\">Durante la jornada se registraron 33 personas, quienes tuvieron acceso a mediciones de presi\u00f3n arterial, glucosa, frecuencia cardiaca y saturaci\u00f3n de ox\u00edgeno, adem\u00e1s de consultas externas, revisi\u00f3n dental, fisioterapia y atenci\u00f3n optom\u00e9trica.<\/p>\n\n\n\n<p class=\"wp-block-paragraph\">En materia de salud visual se realizaron 25 consultas optom\u00e9tricas y se entregaron 39 lentes, mientras que en atenci\u00f3n odontol\u00f3gica se brindaron siete revisiones y se ofrecieron instrucciones sobre t\u00e9cnicas de cepillado y uso de hilo dental.<\/p>\n\n\n\n<p class=\"wp-block-paragraph\">Como parte de las acciones preventivas para la salud de las mujeres, se realizaron estudios de Papanicolaou, pruebas PCR y exploraciones mamarias, acercando servicios que contribuyen a la detecci\u00f3n oportuna y al cuidado de la salud.<\/p>\n\n\n\n<p class=\"wp-block-paragraph\">La jornada tambi\u00e9n contempl\u00f3 109 acciones de VSO, adem\u00e1s de los distintos servicios m\u00e9dicos y preventivos ofrecidos de manera gratuita a habitantes de la comunidad, quienes pudieron acceder a atenci\u00f3n integral en un mismo espacio.<\/p>\n\n\n\n<p class=\"wp-block-paragraph\">Becerra Hurtado reiter\u00f3 que Salud P\u00fablica Municipal continuar\u00e1 trabajando para acercar servicios a las comunidades de Hermosillo, mediante jornadas que promuevan la prevenci\u00f3n, detecci\u00f3n oportuna y el cuidado de la salud de las familias.<\/p>\n","protected":false},"excerpt":{"rendered":"<p>-La jornada permiti\u00f3 a habitantes de la comunidad acceder gratuitamente a mediciones de signos vitales, consultas, revisiones optom\u00e9tricas, lentes, atenci\u00f3n dental y estudios preventivos para mujeres. Hermosillo, Sonora; 1 de septiembre, 2026. \u2013 Con servicios m\u00e9dicos, preventivos y de atenci\u00f3n especializada, habitantes del Ejido El Carmen participaron en una Jornada de Salud organizada por la [&hellip;]<\/p>\n","protected":false},"author":4,"featured_media":33257,"comment_status":"open","ping_status":"open","sticky":false,"template":"","format":"standard","meta":{"footnotes":""},"categories":[38],"tags":[],"class_list":["post-33256","post","type-post","status-publish","format-standard","has-post-thumbnail","hentry","category-salud"],"_links":{"self":[{"href":"https:\/\/elreporterodelacomunidad.com\/index.php\/wp-json\/wp\/v2\/posts\/33256","targetHints":{"allow":["GET"]}}],"collection":[{"href":"https:\/\/elreporterodelacomunidad.com\/index.php\/wp-json\/wp\/v2\/posts"}],"about":[{"href":"https:\/\/elreporterodelacomunidad.com\/index.php\/wp-json\/wp\/v2\/types\/post"}],"author":[{"embeddable":true,"href":"https:\/\/elreporterodelacomunidad.com\/index.php\/wp-json\/wp\/v2\/users\/4"}],"replies":[{"embeddable":true,"href":"https:\/\/elreporterodelacomunidad.com\/index.php\/wp-json\/wp\/v2\/comments?post=33256"}],"version-history":[{"count":1,"href":"https:\/\/elreporterodelacomunidad.com\/index.php\/wp-json\/wp\/v2\/posts\/33256\/revisions"}],"predecessor-version":[{"id":33258,"href":"https:\/\/elreporterodelacomunidad.com\/index.php\/wp-json\/wp\/v2\/posts\/33256\/revisions\/33258"}],"wp:featuredmedia":[{"embeddable":true,"href":"https:\/\/elreporterodelacomunidad.com\/index.php\/wp-json\/wp\/v2\/media\/33257"}],"wp:attachment":[{"href":"https:\/\/elreporterodelacomunidad.com\/index.php\/wp-json\/wp\/v2\/media?parent=33256"}],"wp:term":[{"taxonomy":"category","embeddable":true,"href":"https:\/\/elreporterodelacomunidad.com\/index.php\/wp-json\/wp\/v2\/categories?post=33256"},{"taxonomy":"post_tag","embeddable":true,"href":"https:\/\/elreporterodelacomunidad.com\/index.php\/wp-json\/wp\/v2\/tags?post=33256"}],"curies":[{"name":"wp","href":"https:\/\/api.w.org\/{rel}","templated":true}]}}