{"id":33252,"date":"2026-09-02T17:11:16","date_gmt":"2026-09-03T00:11:16","guid":{"rendered":"https:\/\/elreporterodelacomunidad.com\/?p=33252"},"modified":"2026-09-02T17:11:16","modified_gmt":"2026-09-03T00:11:16","slug":"avanza-75-rehabilitacion-del-colector-sanitario-quintero-arce","status":"publish","type":"post","link":"https:\/\/elreporterodelacomunidad.com\/index.php\/2026\/09\/02\/avanza-75-rehabilitacion-del-colector-sanitario-quintero-arce\/","title":{"rendered":"Avanza 75% rehabilitaci\u00f3n del colector sanitario Quintero Arce"},"content":{"rendered":"\n<p class=\"wp-block-paragraph\">Agua de Hermosillo estima que los trabajos puedan concluir en un plazo no mayor a cuatro semanas.<\/p>\n\n\n\n<p class=\"wp-block-paragraph\">Hermosillo, Sonora; 2 de septiembre, 2026 .- La rehabilitaci\u00f3n del colector sanitario ubicado en el bulevar Quintero Arce registra un avance del 75%, inform\u00f3 Agua de Hermosillo, al destacar que desde el pasado s\u00e1bado el total del flujo de aguas residuales ya es conducido a trav\u00e9s de la nueva tuber\u00eda.<\/p>\n\n\n\n<p class=\"wp-block-paragraph\">Como parte de los trabajos, ya fueron instalados 220 metros de tuber\u00eda de 60 pulgadas de di\u00e1metro, con lo que se ha logrado avanzar de manera importante en la sustituci\u00f3n de la infraestructura existente.<\/p>\n\n\n\n<p class=\"wp-block-paragraph\">Actualmente, las labores se concentran en trabajos de relleno y acciones complementarias, necesarias para concluir la obra y dejar el \u00e1rea en condiciones adecuadas.<\/p>\n\n\n\n<p class=\"wp-block-paragraph\">Agua de Hermosillo estima que los trabajos puedan concluir en un plazo no mayor a cuatro semanas, finales de septiembre, dependiendo de las condiciones que se presenten durante la ejecuci\u00f3n de las labores.<\/p>\n\n\n\n<p class=\"wp-block-paragraph\">La nueva infraestructura consiste en un colector de 60 pulgadas fabricado con polipropileno de doble pared, material seleccionado por sus caracter\u00edsticas de resistencia y durabilidad.<\/p>\n\n\n\n<p class=\"wp-block-paragraph\">Con esta rehabilitaci\u00f3n, Agua de Hermosillo busca fortalecer la infraestructura sanitaria de la zona y contar con una conducci\u00f3n m\u00e1s eficiente y confiable, con una vida \u00fatil estimada de hasta 100 a\u00f1os.<\/p>\n\n\n\n<p class=\"wp-block-paragraph\">La dependencia agradeci\u00f3 la comprensi\u00f3n de la ciudadan\u00eda durante el desarrollo de estos trabajos y reiter\u00f3 que se mantienen las acciones necesarias para concluir la obra en el menor tiempo posible.<\/p>\n\n\n\n<p class=\"has-text-align-center wp-block-paragraph\"><img loading=\"lazy\" decoding=\"async\" width=\"500\" height=\"522\" class=\"wp-image-33254\" style=\"width: 500px;\" src=\"https:\/\/elreporterodelacomunidad.com\/wp-content\/uploads\/2026\/09\/8b747ce9-821e-4c3d-8100-6facd6c8eb7c-e1788394256293.jpg\" alt=\"\" srcset=\"https:\/\/elreporterodelacomunidad.com\/wp-content\/uploads\/2026\/09\/8b747ce9-821e-4c3d-8100-6facd6c8eb7c-e1788394256293.jpg 960w, https:\/\/elreporterodelacomunidad.com\/wp-content\/uploads\/2026\/09\/8b747ce9-821e-4c3d-8100-6facd6c8eb7c-e1788394256293-287x300.jpg 287w, https:\/\/elreporterodelacomunidad.com\/wp-content\/uploads\/2026\/09\/8b747ce9-821e-4c3d-8100-6facd6c8eb7c-e1788394256293-768x802.jpg 768w, https:\/\/elreporterodelacomunidad.com\/wp-content\/uploads\/2026\/09\/8b747ce9-821e-4c3d-8100-6facd6c8eb7c-e1788394256293-750x784.jpg 750w\" sizes=\"auto, (max-width: 500px) 100vw, 500px\" \/><\/p>\n","protected":false},"excerpt":{"rendered":"<p>Agua de Hermosillo estima que los trabajos puedan concluir en un plazo no mayor a cuatro semanas. Hermosillo, Sonora; 2 de septiembre, 2026 .- La rehabilitaci\u00f3n del colector sanitario ubicado en el bulevar Quintero Arce registra un avance del 75%, inform\u00f3 Agua de Hermosillo, al destacar que desde el pasado s\u00e1bado el total del flujo [&hellip;]<\/p>\n","protected":false},"author":4,"featured_media":33253,"comment_status":"open","ping_status":"open","sticky":false,"template":"","format":"standard","meta":{"footnotes":""},"categories":[38],"tags":[],"class_list":["post-33252","post","type-post","status-publish","format-standard","has-post-thumbnail","hentry","category-salud"],"_links":{"self":[{"href":"https:\/\/elreporterodelacomunidad.com\/index.php\/wp-json\/wp\/v2\/posts\/33252","targetHints":{"allow":["GET"]}}],"collection":[{"href":"https:\/\/elreporterodelacomunidad.com\/index.php\/wp-json\/wp\/v2\/posts"}],"about":[{"href":"https:\/\/elreporterodelacomunidad.com\/index.php\/wp-json\/wp\/v2\/types\/post"}],"author":[{"embeddable":true,"href":"https:\/\/elreporterodelacomunidad.com\/index.php\/wp-json\/wp\/v2\/users\/4"}],"replies":[{"embeddable":true,"href":"https:\/\/elreporterodelacomunidad.com\/index.php\/wp-json\/wp\/v2\/comments?post=33252"}],"version-history":[{"count":1,"href":"https:\/\/elreporterodelacomunidad.com\/index.php\/wp-json\/wp\/v2\/posts\/33252\/revisions"}],"predecessor-version":[{"id":33255,"href":"https:\/\/elreporterodelacomunidad.com\/index.php\/wp-json\/wp\/v2\/posts\/33252\/revisions\/33255"}],"wp:featuredmedia":[{"embeddable":true,"href":"https:\/\/elreporterodelacomunidad.com\/index.php\/wp-json\/wp\/v2\/media\/33253"}],"wp:attachment":[{"href":"https:\/\/elreporterodelacomunidad.com\/index.php\/wp-json\/wp\/v2\/media?parent=33252"}],"wp:term":[{"taxonomy":"category","embeddable":true,"href":"https:\/\/elreporterodelacomunidad.com\/index.php\/wp-json\/wp\/v2\/categories?post=33252"},{"taxonomy":"post_tag","embeddable":true,"href":"https:\/\/elreporterodelacomunidad.com\/index.php\/wp-json\/wp\/v2\/tags?post=33252"}],"curies":[{"name":"wp","href":"https:\/\/api.w.org\/{rel}","templated":true}]}}