{"id":33248,"date":"2026-09-02T17:07:12","date_gmt":"2026-09-03T00:07:12","guid":{"rendered":"https:\/\/elreporterodelacomunidad.com\/?p=33248"},"modified":"2026-09-02T17:07:13","modified_gmt":"2026-09-03T00:07:13","slug":"retira-gobierno-municipal-532-neumaticos-en-desuso-con-el-llantaton-realizado-en-las-minitas","status":"publish","type":"post","link":"https:\/\/elreporterodelacomunidad.com\/index.php\/2026\/09\/02\/retira-gobierno-municipal-532-neumaticos-en-desuso-con-el-llantaton-realizado-en-las-minitas\/","title":{"rendered":"Retira Gobierno Municipal 532 neum\u00e1ticos en desuso con el Llantat\u00f3n realizado en Las Minitas"},"content":{"rendered":"\n<p class=\"wp-block-paragraph\">-Esta estrategia a cargo de la Agencia Municipal de Energ\u00eda y Cambio Clim\u00e1tico en coordinaci\u00f3n con Patrulla Verde y Servicios P\u00fablicos Municipales busca promover entornos m\u00e1s saludables y prevenir afectaciones ambientales.<\/p>\n\n\n\n<p class=\"wp-block-paragraph\">Hermosillo, Sonora; 2 de septiembre, 2026.- Como parte de un esfuerzo conjunto de dependencias del Ayuntamiento de Hermosillo como Servicios P\u00fablicos Municipales e Inspecci\u00f3n y Vigilancia a trav\u00e9s de la Patrulla Verde y ciudadan\u00eda organizada en comit\u00e9s CRECES, ya suman 8 mil 315 las llantas en desuso retiradas de lugares inadecuados de Hermosillo, inform\u00f3 Carla Neudert C\u00f3rdova.<\/p>\n\n\n\n<p class=\"wp-block-paragraph\">La Directora de la Agencia Municipal de Energ\u00eda y Cambio Clim\u00e1tico (AMECC) explic\u00f3 que dicha cifra corresponde a las unidades acopiadas en 10 ediciones del \u201cLlantat\u00f3n por nuestra Salud\u201d evento cuyo prop\u00f3sito es dar una disposici\u00f3n final adecuada y compatible con el cuidado del medio ambiente a estos desechos.<\/p>\n\n\n\n<p class=\"wp-block-paragraph\">Mencion\u00f3 que la m\u00e1s reciente jornada se efectu\u00f3 el s\u00e1bado 29 de agosto en la colonia Las Minitas, donde se reunieron 532 neum\u00e1ticos, de los cuales 370 los reuni\u00f3 personal de Patrulla Verde y 162 los llevaron ciudadanas y ciudadanos hermosillenses.<br>Explic\u00f3 que la quema de esa cantidad de llantas habr\u00eda emitido al ambiente14 toneladas de CO2, por lo cual este acopio evit\u00f3 el riesgo de esa contaminaci\u00f3n.<\/p>\n\n\n\n<p class=\"wp-block-paragraph\">La directora de la AMECC convoc\u00f3 a las y los hermosillenses a evitar la quema de llantas, una pr\u00e1ctica que emite al aire humo, gases t\u00f3xicos, metales pesados, holl\u00edn y sustancias cancer\u00edgenas que pueden afectar la salud de la poblaci\u00f3n.<\/p>\n\n\n\n<p class=\"wp-block-paragraph\">La ciudadan\u00eda puede consultar el estado de la calidad del aire a trav\u00e9s de la Red de Monitoreo Ambiental de Hermosillo (REMAH), disponible en su p\u00e1gina oficial <a href=\"http:\/\/www.remah.hermosillo.gob.mx\">www.remah.hermosillo.gob.mx<\/a>.<\/p>\n\n\n\n<p class=\"has-text-align-center wp-block-paragraph\"><img loading=\"lazy\" decoding=\"async\" width=\"500\" height=\"257\" class=\"wp-image-33250\" style=\"width: 500px;\" src=\"https:\/\/elreporterodelacomunidad.com\/wp-content\/uploads\/2026\/09\/59cdeebc-b11e-4621-87c6-a6773b8b28f2-e1788393994937.jpg\" alt=\"\" srcset=\"https:\/\/elreporterodelacomunidad.com\/wp-content\/uploads\/2026\/09\/59cdeebc-b11e-4621-87c6-a6773b8b28f2-e1788393994937.jpg 960w, https:\/\/elreporterodelacomunidad.com\/wp-content\/uploads\/2026\/09\/59cdeebc-b11e-4621-87c6-a6773b8b28f2-e1788393994937-300x154.jpg 300w, https:\/\/elreporterodelacomunidad.com\/wp-content\/uploads\/2026\/09\/59cdeebc-b11e-4621-87c6-a6773b8b28f2-e1788393994937-768x394.jpg 768w, https:\/\/elreporterodelacomunidad.com\/wp-content\/uploads\/2026\/09\/59cdeebc-b11e-4621-87c6-a6773b8b28f2-e1788393994937-750x385.jpg 750w\" sizes=\"auto, (max-width: 500px) 100vw, 500px\" \/><\/p>\n","protected":false},"excerpt":{"rendered":"<p>-Esta estrategia a cargo de la Agencia Municipal de Energ\u00eda y Cambio Clim\u00e1tico en coordinaci\u00f3n con Patrulla Verde y Servicios P\u00fablicos Municipales busca promover entornos m\u00e1s saludables y prevenir afectaciones ambientales. Hermosillo, Sonora; 2 de septiembre, 2026.- Como parte de un esfuerzo conjunto de dependencias del Ayuntamiento de Hermosillo como Servicios P\u00fablicos Municipales e Inspecci\u00f3n [&hellip;]<\/p>\n","protected":false},"author":4,"featured_media":33249,"comment_status":"open","ping_status":"open","sticky":false,"template":"","format":"standard","meta":{"footnotes":""},"categories":[38],"tags":[],"class_list":["post-33248","post","type-post","status-publish","format-standard","has-post-thumbnail","hentry","category-salud"],"_links":{"self":[{"href":"https:\/\/elreporterodelacomunidad.com\/index.php\/wp-json\/wp\/v2\/posts\/33248","targetHints":{"allow":["GET"]}}],"collection":[{"href":"https:\/\/elreporterodelacomunidad.com\/index.php\/wp-json\/wp\/v2\/posts"}],"about":[{"href":"https:\/\/elreporterodelacomunidad.com\/index.php\/wp-json\/wp\/v2\/types\/post"}],"author":[{"embeddable":true,"href":"https:\/\/elreporterodelacomunidad.com\/index.php\/wp-json\/wp\/v2\/users\/4"}],"replies":[{"embeddable":true,"href":"https:\/\/elreporterodelacomunidad.com\/index.php\/wp-json\/wp\/v2\/comments?post=33248"}],"version-history":[{"count":1,"href":"https:\/\/elreporterodelacomunidad.com\/index.php\/wp-json\/wp\/v2\/posts\/33248\/revisions"}],"predecessor-version":[{"id":33251,"href":"https:\/\/elreporterodelacomunidad.com\/index.php\/wp-json\/wp\/v2\/posts\/33248\/revisions\/33251"}],"wp:featuredmedia":[{"embeddable":true,"href":"https:\/\/elreporterodelacomunidad.com\/index.php\/wp-json\/wp\/v2\/media\/33249"}],"wp:attachment":[{"href":"https:\/\/elreporterodelacomunidad.com\/index.php\/wp-json\/wp\/v2\/media?parent=33248"}],"wp:term":[{"taxonomy":"category","embeddable":true,"href":"https:\/\/elreporterodelacomunidad.com\/index.php\/wp-json\/wp\/v2\/categories?post=33248"},{"taxonomy":"post_tag","embeddable":true,"href":"https:\/\/elreporterodelacomunidad.com\/index.php\/wp-json\/wp\/v2\/tags?post=33248"}],"curies":[{"name":"wp","href":"https:\/\/api.w.org\/{rel}","templated":true}]}}