{"id":33245,"date":"2026-09-02T17:04:51","date_gmt":"2026-09-03T00:04:51","guid":{"rendered":"https:\/\/elreporterodelacomunidad.com\/?p=33245"},"modified":"2026-09-02T17:04:52","modified_gmt":"2026-09-03T00:04:52","slug":"anuncia-patty-ruibal-cuarta-edicion-del-congreso-de-la-familia","status":"publish","type":"post","link":"https:\/\/elreporterodelacomunidad.com\/index.php\/2026\/09\/02\/anuncia-patty-ruibal-cuarta-edicion-del-congreso-de-la-familia\/","title":{"rendered":"Anuncia Patty Ruibal cuarta edici\u00f3n del Congreso de la Familia"},"content":{"rendered":"\n<p class=\"wp-block-paragraph\">-La presidenta de DIF Hermosillo anunci\u00f3 el encuentro que reunir\u00e1 a cinco conferencistas el 12 de noviembre para brindar herramientas a las familias y abordar temas como resiliencia, inclusi\u00f3n, salud mental y prevenci\u00f3n de adicciones.<\/p>\n\n\n\n<p class=\"wp-block-paragraph\">-Los cinco conferencistas que participar\u00e1n en el Congreso, abordar\u00e1n temas relacionados con resiliencia, superaci\u00f3n, prevenci\u00f3n de adicciones modernas, inclusi\u00f3n, salud mental, trabajo en equipo y b\u00fasqueda de prop\u00f3sito.<\/p>\n\n\n\n<p class=\"wp-block-paragraph\">Hermosillo, Sonora; 2 de septiembre, 2026. \u2013 En busca de fortalecer los lazos familiares y promover valores que contribuyan al bienestar en los hogares, la presidenta de DIF Hermosillo, Patricia Ruibal Zaragoza, anunci\u00f3 la cuarta edici\u00f3n del Congreso de la Familia \u201cLa Familia, un lugar de encuentro\u201d, que se realizar\u00e1 el 12 de noviembre en Villa Toscana.<\/p>\n\n\n\n<p class=\"wp-block-paragraph\">Como parte de las acciones que impulsan el Gobierno Municipal, encabezado por el presidente Antonio Astiazar\u00e1n Guti\u00e9rrez, a trav\u00e9s de DIF Hermosillo a favor de las familias, Patty Ruibal destac\u00f3 que el Congreso busca brindar herramientas para enfrentar los desaf\u00edos que surgen entre padres, madres e hijos.<\/p>\n\n\n\n<p class=\"wp-block-paragraph\">La presidenta de DIF Hermosillo resalt\u00f3 la participaci\u00f3n de cinco conferencistas en esta cuarta edici\u00f3n, quienes abordar\u00e1n distintas tem\u00e1ticas y experiencias para generar un espacio de reflexi\u00f3n y brindar herramientas que las familias puedan aplicar en sus hogares.<\/p>\n\n\n\n<p class=\"wp-block-paragraph\">\u201cPara To\u00f1o y para m\u00ed, fortalecer a las familias hermosillenses es nuestra prioridad, porque detr\u00e1s de cada comunidad fuerte, hay personas que encontraron apoyo, orientaci\u00f3n y oportunidades para salir adelante, por eso nos da much\u00edsimo gusto presentar oficialmente el cuarto Congreso de la Familia de DIF Hermosillo, estoy segura que ser\u00e1 una experiencia que nos dejar\u00e1 mucho que pensar, pero sobre todo, mucho que llevar a nuestros hogares\u201d, expres\u00f3 Patty Ruibal.<\/p>\n\n\n\n<p class=\"wp-block-paragraph\">Madeleine Bonnafoux, directora de DIF Hermosillo, anunci\u00f3 a los cinco conferencistas que participar\u00e1n en el Congreso, con temas relacionados con resiliencia, superaci\u00f3n, prevenci\u00f3n de adicciones modernas, inclusi\u00f3n, salud mental, trabajo en equipo y b\u00fasqueda de prop\u00f3sito.<\/p>\n\n\n\n<p class=\"wp-block-paragraph\">Los ponentes ser\u00e1n Emilio Betancourt, con un testimonio de resiliencia tras superar el c\u00e1ncer; Diego Zepeda, quien hablar\u00e1 sobre prevenci\u00f3n de adicciones y apuestas digitales; Isabella Springm\u00fchl, primera dise\u00f1adora de modas con s\u00edndrome de Down, sobre inclusi\u00f3n y superaci\u00f3n.<\/p>\n\n\n\n<p class=\"wp-block-paragraph\">Tambi\u00e9n participar\u00e1n Andr\u00e9s y Roberto Morales, mejor conocido como RobeGrill, con un di\u00e1logo intergeneracional y trabajo en equipo entre padres e hijos, adem\u00e1s del creador de contenido Farid Dieck, quien abordar\u00e1 salud mental, depresi\u00f3n y b\u00fasqueda de prop\u00f3sito durante momentos de crisis.<\/p>\n\n\n\n<p class=\"wp-block-paragraph\">Mar\u00eda Lizette Salazar, directora de la Familia de DIF Hermosillo, inform\u00f3 que el carnet tendr\u00e1 un costo de 500 pesos para p\u00fablico general y 250 pesos para estudiantes y personas con discapacidad con credencial vigente. Para adquirir su pase puede acudir a las oficinas de DIF Hermosillo ubicada en la colonia Modelo o al n\u00famero de Whatsapp 6622572517.<\/p>\n\n\n\n<p class=\"wp-block-paragraph\">La cuarta edici\u00f3n del Congreso de la Familia se realizar\u00e1 el jueves 12 de noviembre, de 8:30 a 14:00 y de 17:00 a 19:30 horas, en el Sal\u00f3n de Eventos Villa Toscana, con Marisol S\u00e1nchez, conductora, actriz y creadora de contenido, como anfitriona del encuentro.<\/p>\n","protected":false},"excerpt":{"rendered":"<p>-La presidenta de DIF Hermosillo anunci\u00f3 el encuentro que reunir\u00e1 a cinco conferencistas el 12 de noviembre para brindar herramientas a las familias y abordar temas como resiliencia, inclusi\u00f3n, salud mental y prevenci\u00f3n de adicciones. -Los cinco conferencistas que participar\u00e1n en el Congreso, abordar\u00e1n temas relacionados con resiliencia, superaci\u00f3n, prevenci\u00f3n de adicciones modernas, inclusi\u00f3n, salud [&hellip;]<\/p>\n","protected":false},"author":4,"featured_media":33246,"comment_status":"open","ping_status":"open","sticky":false,"template":"","format":"standard","meta":{"footnotes":""},"categories":[34,26],"tags":[],"class_list":["post-33245","post","type-post","status-publish","format-standard","has-post-thumbnail","hentry","category-general","category-principal"],"_links":{"self":[{"href":"https:\/\/elreporterodelacomunidad.com\/index.php\/wp-json\/wp\/v2\/posts\/33245","targetHints":{"allow":["GET"]}}],"collection":[{"href":"https:\/\/elreporterodelacomunidad.com\/index.php\/wp-json\/wp\/v2\/posts"}],"about":[{"href":"https:\/\/elreporterodelacomunidad.com\/index.php\/wp-json\/wp\/v2\/types\/post"}],"author":[{"embeddable":true,"href":"https:\/\/elreporterodelacomunidad.com\/index.php\/wp-json\/wp\/v2\/users\/4"}],"replies":[{"embeddable":true,"href":"https:\/\/elreporterodelacomunidad.com\/index.php\/wp-json\/wp\/v2\/comments?post=33245"}],"version-history":[{"count":1,"href":"https:\/\/elreporterodelacomunidad.com\/index.php\/wp-json\/wp\/v2\/posts\/33245\/revisions"}],"predecessor-version":[{"id":33247,"href":"https:\/\/elreporterodelacomunidad.com\/index.php\/wp-json\/wp\/v2\/posts\/33245\/revisions\/33247"}],"wp:featuredmedia":[{"embeddable":true,"href":"https:\/\/elreporterodelacomunidad.com\/index.php\/wp-json\/wp\/v2\/media\/33246"}],"wp:attachment":[{"href":"https:\/\/elreporterodelacomunidad.com\/index.php\/wp-json\/wp\/v2\/media?parent=33245"}],"wp:term":[{"taxonomy":"category","embeddable":true,"href":"https:\/\/elreporterodelacomunidad.com\/index.php\/wp-json\/wp\/v2\/categories?post=33245"},{"taxonomy":"post_tag","embeddable":true,"href":"https:\/\/elreporterodelacomunidad.com\/index.php\/wp-json\/wp\/v2\/tags?post=33245"}],"curies":[{"name":"wp","href":"https:\/\/api.w.org\/{rel}","templated":true}]}}