{"id":33242,"date":"2026-09-01T20:15:50","date_gmt":"2026-09-02T03:15:50","guid":{"rendered":"https:\/\/elreporterodelacomunidad.com\/?p=33242"},"modified":"2026-09-01T20:15:51","modified_gmt":"2026-09-02T03:15:51","slug":"omar-del-valle-colosio-lleva-su-trabajo-a-la-mesa-con-los-periodistas-y-arranca-el-periodo-de-sesiones","status":"publish","type":"post","link":"https:\/\/elreporterodelacomunidad.com\/index.php\/2026\/09\/01\/omar-del-valle-colosio-lleva-su-trabajo-a-la-mesa-con-los-periodistas-y-arranca-el-periodo-de-sesiones\/","title":{"rendered":"Omar Del Valle Colosio lleva su trabajo a la mesa con los periodistas y arranca el periodo de sesiones"},"content":{"rendered":"\n<p class=\"wp-block-paragraph\">Hermosillo, Sonora a 01 de septiembre de 2026.\u2014 Con una agenda que se mueve entre el territorio, el di\u00e1logo con los medios y la responsabilidad legislativa, Omar Del Valle Colosio mantiene el paso en Sonora y llega a los espacios donde se discute lo que hoy pasa y lo que viene para el estado.<\/p>\n\n\n\n<p class=\"wp-block-paragraph\">Del Valle Colosio estuvo en la Mesa Kiosko Mayor, el espacio que re\u00fane a periodistas y analistas de Hermosillo para conversar de frente con quienes participan en la vida p\u00fablica. Durante el encuentro habl\u00f3 de su participaci\u00f3n en el proceso interno para la Coordinaci\u00f3n Estatal de la Defensa de la Transformaci\u00f3n y de los retos que hoy tiene Sonora enfrente.<\/p>\n\n\n\n<p class=\"wp-block-paragraph\">Ante los integrantes de la mesa, Del Valle Colosio habl\u00f3 desde lo que le han dejado estas \u00faltimas semanas de trabajo en el terreno, recorriendo municipios, comunidades y colonias, y sent\u00e1ndose de manera directa con vecinos, con gente del campo, del comercio y de la empresa.<\/p>\n\n\n\n<p class=\"wp-block-paragraph\">Ah\u00ed sostuvo que la pol\u00edtica se construye estando presente y cerca de la gente, pero tambi\u00e9n cumpliendo con lo que cada quien ya trae en las manos. Entrarle a un proceso interno no significa soltar el trabajo que a uno le toca.<\/p>\n\n\n\n<p class=\"wp-block-paragraph\">Este martes, con el arranque del periodo ordinario de sesiones de la LXIV Legislatura del Congreso de Sonora, Del Valle Colosio retom\u00f3 la agenda parlamentaria como integrante de la bancada del Partido Verde Ecologista de M\u00e9xico.<\/p>\n\n\n\n<p class=\"wp-block-paragraph\">Durante la sesi\u00f3n, el Partido Verde present\u00f3 las iniciativas y los temas que va a impulsar en este periodo. Del Valle Colosio tom\u00f3 la palabra a nombre de la bancada y refrend\u00f3 el compromiso de seguir trabajando en una agenda pegada a lo que necesitan las y los sonorenses.<\/p>\n\n\n\n<p class=\"wp-block-paragraph\">As\u00ed avanza la ruta de Omar Del Valle Colosio: la calle, la mesa con los medios y el Congreso. Convencido de que la transformaci\u00f3n se construye todos los d\u00edas, y desde el lugar que a cada quien le toca hoy.<\/p>\n","protected":false},"excerpt":{"rendered":"<p>Hermosillo, Sonora a 01 de septiembre de 2026.\u2014 Con una agenda que se mueve entre el territorio, el di\u00e1logo con los medios y la responsabilidad legislativa, Omar Del Valle Colosio mantiene el paso en Sonora y llega a los espacios donde se discute lo que hoy pasa y lo que viene para el estado. Del [&hellip;]<\/p>\n","protected":false},"author":4,"featured_media":33243,"comment_status":"open","ping_status":"open","sticky":false,"template":"","format":"standard","meta":{"footnotes":""},"categories":[39],"tags":[],"class_list":["post-33242","post","type-post","status-publish","format-standard","has-post-thumbnail","hentry","category-politica"],"_links":{"self":[{"href":"https:\/\/elreporterodelacomunidad.com\/index.php\/wp-json\/wp\/v2\/posts\/33242","targetHints":{"allow":["GET"]}}],"collection":[{"href":"https:\/\/elreporterodelacomunidad.com\/index.php\/wp-json\/wp\/v2\/posts"}],"about":[{"href":"https:\/\/elreporterodelacomunidad.com\/index.php\/wp-json\/wp\/v2\/types\/post"}],"author":[{"embeddable":true,"href":"https:\/\/elreporterodelacomunidad.com\/index.php\/wp-json\/wp\/v2\/users\/4"}],"replies":[{"embeddable":true,"href":"https:\/\/elreporterodelacomunidad.com\/index.php\/wp-json\/wp\/v2\/comments?post=33242"}],"version-history":[{"count":1,"href":"https:\/\/elreporterodelacomunidad.com\/index.php\/wp-json\/wp\/v2\/posts\/33242\/revisions"}],"predecessor-version":[{"id":33244,"href":"https:\/\/elreporterodelacomunidad.com\/index.php\/wp-json\/wp\/v2\/posts\/33242\/revisions\/33244"}],"wp:featuredmedia":[{"embeddable":true,"href":"https:\/\/elreporterodelacomunidad.com\/index.php\/wp-json\/wp\/v2\/media\/33243"}],"wp:attachment":[{"href":"https:\/\/elreporterodelacomunidad.com\/index.php\/wp-json\/wp\/v2\/media?parent=33242"}],"wp:term":[{"taxonomy":"category","embeddable":true,"href":"https:\/\/elreporterodelacomunidad.com\/index.php\/wp-json\/wp\/v2\/categories?post=33242"},{"taxonomy":"post_tag","embeddable":true,"href":"https:\/\/elreporterodelacomunidad.com\/index.php\/wp-json\/wp\/v2\/tags?post=33242"}],"curies":[{"name":"wp","href":"https:\/\/api.w.org\/{rel}","templated":true}]}}