{"id":33238,"date":"2026-09-01T20:01:04","date_gmt":"2026-09-02T03:01:04","guid":{"rendered":"https:\/\/elreporterodelacomunidad.com\/?p=33238"},"modified":"2026-09-01T20:01:04","modified_gmt":"2026-09-02T03:01:04","slug":"gildardo-real-y-santiago-taboada-cierran-filas-para-defender-hermosillo-en-2027","status":"publish","type":"post","link":"https:\/\/elreporterodelacomunidad.com\/index.php\/2026\/09\/01\/gildardo-real-y-santiago-taboada-cierran-filas-para-defender-hermosillo-en-2027\/","title":{"rendered":"Gildardo Real y Santiago Taboada cierran filas para defender Hermosillo en 2027"},"content":{"rendered":"\n<p class=\"wp-block-paragraph\">Hermosillo, Sonora a 01 de septiembre de 2026.- Gildardo Real sostuvo un encuentro con Santiago Taboada, secretario de Acci\u00f3n Pol\u00edtica del PAN nacional, donde refrend\u00f3 que rumbo a 2027 el objetivo ser\u00e1 defender la H y dar continuidad al proyecto de buen gobierno construido por Antonio Astiazar\u00e1n en Hermosillo.<\/p>\n\n\n\n<p class=\"wp-block-paragraph\">Durante la reuni\u00f3n, Gildardo Real destac\u00f3 la fortaleza con la que Acci\u00f3n Nacional se prepara para enfrentar el pr\u00f3ximo proceso electoral y asegur\u00f3 que existe decisi\u00f3n para cuidar los resultados alcanzados en la capital sonorense.<\/p>\n\n\n\n<p class=\"wp-block-paragraph\">\u201cEn 2027 defenderemos la H y el proyecto de buen gobierno que ha construido To\u00f1o Astiazar\u00e1n. En el PAN estamos fuertes y decididos\u201d, expres\u00f3 Gildardo Real.<\/p>\n\n\n\n<p class=\"wp-block-paragraph\">El panista agradeci\u00f3 adem\u00e1s el respaldo de Santiago Taboada a Hermosillo y Sonora, en un momento en el que Acci\u00f3n Nacional comienza a fortalecer su organizaci\u00f3n y a construir el camino hacia los pr\u00f3ximos retos electorales.<\/p>\n\n\n\n<p class=\"wp-block-paragraph\">Gildardo Real reiter\u00f3 que est\u00e1 listo para asumir el reto que viene y trabajar para que Hermosillo mantenga el rumbo, bajo una premisa que ha colocado al centro de su proyecto: \u201c\u00a1Hermosillo tiene quien lo defienda!\u201d<\/p>\n","protected":false},"excerpt":{"rendered":"<p>Hermosillo, Sonora a 01 de septiembre de 2026.- Gildardo Real sostuvo un encuentro con Santiago Taboada, secretario de Acci\u00f3n Pol\u00edtica del PAN nacional, donde refrend\u00f3 que rumbo a 2027 el objetivo ser\u00e1 defender la H y dar continuidad al proyecto de buen gobierno construido por Antonio Astiazar\u00e1n en Hermosillo. Durante la reuni\u00f3n, Gildardo Real destac\u00f3 [&hellip;]<\/p>\n","protected":false},"author":4,"featured_media":33239,"comment_status":"open","ping_status":"open","sticky":false,"template":"","format":"standard","meta":{"footnotes":""},"categories":[39],"tags":[],"class_list":["post-33238","post","type-post","status-publish","format-standard","has-post-thumbnail","hentry","category-politica"],"_links":{"self":[{"href":"https:\/\/elreporterodelacomunidad.com\/index.php\/wp-json\/wp\/v2\/posts\/33238","targetHints":{"allow":["GET"]}}],"collection":[{"href":"https:\/\/elreporterodelacomunidad.com\/index.php\/wp-json\/wp\/v2\/posts"}],"about":[{"href":"https:\/\/elreporterodelacomunidad.com\/index.php\/wp-json\/wp\/v2\/types\/post"}],"author":[{"embeddable":true,"href":"https:\/\/elreporterodelacomunidad.com\/index.php\/wp-json\/wp\/v2\/users\/4"}],"replies":[{"embeddable":true,"href":"https:\/\/elreporterodelacomunidad.com\/index.php\/wp-json\/wp\/v2\/comments?post=33238"}],"version-history":[{"count":1,"href":"https:\/\/elreporterodelacomunidad.com\/index.php\/wp-json\/wp\/v2\/posts\/33238\/revisions"}],"predecessor-version":[{"id":33240,"href":"https:\/\/elreporterodelacomunidad.com\/index.php\/wp-json\/wp\/v2\/posts\/33238\/revisions\/33240"}],"wp:featuredmedia":[{"embeddable":true,"href":"https:\/\/elreporterodelacomunidad.com\/index.php\/wp-json\/wp\/v2\/media\/33239"}],"wp:attachment":[{"href":"https:\/\/elreporterodelacomunidad.com\/index.php\/wp-json\/wp\/v2\/media?parent=33238"}],"wp:term":[{"taxonomy":"category","embeddable":true,"href":"https:\/\/elreporterodelacomunidad.com\/index.php\/wp-json\/wp\/v2\/categories?post=33238"},{"taxonomy":"post_tag","embeddable":true,"href":"https:\/\/elreporterodelacomunidad.com\/index.php\/wp-json\/wp\/v2\/tags?post=33238"}],"curies":[{"name":"wp","href":"https:\/\/api.w.org\/{rel}","templated":true}]}}