{"id":33235,"date":"2026-09-01T19:50:12","date_gmt":"2026-09-02T02:50:12","guid":{"rendered":"https:\/\/elreporterodelacomunidad.com\/?p=33235"},"modified":"2026-09-01T19:50:12","modified_gmt":"2026-09-02T02:50:12","slug":"invita-gobierno-de-sonora-a-aprovechar-los-servicios-gratuitos-de-alfabetizacion-isea","status":"publish","type":"post","link":"https:\/\/elreporterodelacomunidad.com\/index.php\/2026\/09\/01\/invita-gobierno-de-sonora-a-aprovechar-los-servicios-gratuitos-de-alfabetizacion-isea\/","title":{"rendered":"Invita Gobierno de Sonora a aprovechar los servicios gratuitos de alfabetizaci\u00f3n: ISEA"},"content":{"rendered":"\n<p class=\"wp-block-paragraph\">Hermosillo, Sonora; 1 de septiembre de 2026.- Para consolidar los avances alcanzados por el Gobierno de Sonora en educaci\u00f3n para j\u00f3venes y adultos, as\u00ed como en alfabetizaci\u00f3n, el Instituto Sonorense de Educaci\u00f3n para los Adultos (ISEA) invit\u00f3 a aprovechar los servicios que ofrece de manera gratuita.<\/p>\n\n\n\n<p class=\"wp-block-paragraph\">A trav\u00e9s de las 72 plazas comunitarias ubicadas en diferentes localidades de la entidad, se brinda atenci\u00f3n a cualquier persona de 15 a\u00f1os o m\u00e1s que quiera aprender a leer y escribir o busque certificar sus estudios de primaria o secundaria para continuar con el trayecto en educaci\u00f3n media superior.<\/p>\n\n\n\n<p class=\"wp-block-paragraph\">La directora general del ISEA, Mar\u00eda Engracia Carrazco Valenzuela, se\u00f1al\u00f3 que las personas interesadas en apoyar a alguien para que avance en su formaci\u00f3n escolar pueden consultar la ubicaci\u00f3n de dichas plazas en el portal <a href=\"http:\/\/www.inea.gob.mx\/servicios_en_linea\/Plaza_mas_cercana.html\">http:\/\/www.inea.gob.mx\/servicios_en_linea\/Plaza_mas_cercana.html<\/a><\/p>\n\n\n\n<p class=\"wp-block-paragraph\">Asimismo, pueden solicitar m\u00e1s informaci\u00f3n llamando al tel\u00e9fono 662 214 0776, desde cualquier parte de la entidad, en un horario de 8:00 am a 17:00 horas, de lunes a viernes.<\/p>\n\n\n\n<p class=\"wp-block-paragraph\">Record\u00f3 que, como resultado del hist\u00f3rico impulso que el gobernador Alfonso Durazo le ha dado a la educaci\u00f3n como eje central de una transformaci\u00f3n social profunda, Sonora destaca entre las cinco entidades con mayor n\u00famero de conclusiones en alfabetizaci\u00f3n, primaria y secundaria.<\/p>\n\n\n\n<p class=\"wp-block-paragraph\">Enfatiz\u00f3 que cada certificado que se entrega representa una importante historia de superaci\u00f3n, as\u00ed como una nueva oportunidad de vida para quienes deseen continuar sumando logros a sus trayectorias.<\/p>\n","protected":false},"excerpt":{"rendered":"<p>Hermosillo, Sonora; 1 de septiembre de 2026.- Para consolidar los avances alcanzados por el Gobierno de Sonora en educaci\u00f3n para j\u00f3venes y adultos, as\u00ed como en alfabetizaci\u00f3n, el Instituto Sonorense de Educaci\u00f3n para los Adultos (ISEA) invit\u00f3 a aprovechar los servicios que ofrece de manera gratuita. A trav\u00e9s de las 72 plazas comunitarias ubicadas en [&hellip;]<\/p>\n","protected":false},"author":4,"featured_media":33236,"comment_status":"open","ping_status":"open","sticky":false,"template":"","format":"standard","meta":{"footnotes":""},"categories":[36],"tags":[],"class_list":["post-33235","post","type-post","status-publish","format-standard","has-post-thumbnail","hentry","category-educacion"],"_links":{"self":[{"href":"https:\/\/elreporterodelacomunidad.com\/index.php\/wp-json\/wp\/v2\/posts\/33235","targetHints":{"allow":["GET"]}}],"collection":[{"href":"https:\/\/elreporterodelacomunidad.com\/index.php\/wp-json\/wp\/v2\/posts"}],"about":[{"href":"https:\/\/elreporterodelacomunidad.com\/index.php\/wp-json\/wp\/v2\/types\/post"}],"author":[{"embeddable":true,"href":"https:\/\/elreporterodelacomunidad.com\/index.php\/wp-json\/wp\/v2\/users\/4"}],"replies":[{"embeddable":true,"href":"https:\/\/elreporterodelacomunidad.com\/index.php\/wp-json\/wp\/v2\/comments?post=33235"}],"version-history":[{"count":1,"href":"https:\/\/elreporterodelacomunidad.com\/index.php\/wp-json\/wp\/v2\/posts\/33235\/revisions"}],"predecessor-version":[{"id":33237,"href":"https:\/\/elreporterodelacomunidad.com\/index.php\/wp-json\/wp\/v2\/posts\/33235\/revisions\/33237"}],"wp:featuredmedia":[{"embeddable":true,"href":"https:\/\/elreporterodelacomunidad.com\/index.php\/wp-json\/wp\/v2\/media\/33236"}],"wp:attachment":[{"href":"https:\/\/elreporterodelacomunidad.com\/index.php\/wp-json\/wp\/v2\/media?parent=33235"}],"wp:term":[{"taxonomy":"category","embeddable":true,"href":"https:\/\/elreporterodelacomunidad.com\/index.php\/wp-json\/wp\/v2\/categories?post=33235"},{"taxonomy":"post_tag","embeddable":true,"href":"https:\/\/elreporterodelacomunidad.com\/index.php\/wp-json\/wp\/v2\/tags?post=33235"}],"curies":[{"name":"wp","href":"https:\/\/api.w.org\/{rel}","templated":true}]}}