{"id":33229,"date":"2026-09-01T19:46:43","date_gmt":"2026-09-02T02:46:43","guid":{"rendered":"https:\/\/elreporterodelacomunidad.com\/?p=33229"},"modified":"2026-09-01T19:46:44","modified_gmt":"2026-09-02T02:46:44","slug":"vincula-fgjes-a-hombre-que-ingreso-armado-a-invernadero-en-la-costa-de-hermosillo","status":"publish","type":"post","link":"https:\/\/elreporterodelacomunidad.com\/index.php\/2026\/09\/01\/vincula-fgjes-a-hombre-que-ingreso-armado-a-invernadero-en-la-costa-de-hermosillo\/","title":{"rendered":"Vincula FGJES a hombre que ingres\u00f3 armado a invernadero en la Costa de Hermosillo"},"content":{"rendered":"\n<p class=\"wp-block-paragraph\">Hermosillo, Sonora, 1de septiembre de 2026.- La Fiscal\u00eda General de Justicia del Estado de Sonora (FGJES) obtuvo la vinculaci\u00f3n a proceso de Luis Simitrio \u201cN\u201d, de 38 a\u00f1os, por su probable responsabilidad en el delito de allanamiento de morada, cometido en un campo agr\u00edcola del poblado Miguel Alem\u00e1n, en la Costa de Hermosillo.<\/p>\n\n\n\n<p class=\"wp-block-paragraph\">Los hechos ocurrieron alrededor de las 08:40 horas del pasado 18 de agosto, en los invernaderos de un campo agr\u00edcola, ubicados en el kil\u00f3metro 54 de la Carretera 100 Hermosillo-Bah\u00eda de Kino, donde el imputado ingres\u00f3 sin autorizaci\u00f3n.<\/p>\n\n\n\n<p class=\"wp-block-paragraph\">Al ser sorprendido por dos trabajadores, Luis Simitrio \u201cN\u201d habr\u00eda intentado agredirlos mientras portaba un cuchillo y un talacho met\u00e1lico; sin embargo, ambos lograron someterlo, desarmarlo y solicitar auxilio mediante una llamada al 911.<\/p>\n\n\n\n<p class=\"wp-block-paragraph\">Agentes de la Polic\u00eda Estatal de Seguridad P\u00fablica (PESP) acudieron como primeros respondientes y efectuaron la captura. Durante la audiencia inicial, el Juez calific\u00f3 de legal la detenci\u00f3n, vincul\u00f3 al imputado a proceso e impuso prisi\u00f3n preventiva justificada.<\/p>\n\n\n\n<p class=\"wp-block-paragraph\">La FGJES continuar\u00e1 fortaleciendo las investigaciones para esclarecer plenamente los hechos y garantizar que quienes irrumpan ilegalmente en propiedades y pongan en riesgo la integridad de las personas enfrenten las consecuencias establecidas por la ley.<\/p>\n","protected":false},"excerpt":{"rendered":"<p>Hermosillo, Sonora, 1de septiembre de 2026.- La Fiscal\u00eda General de Justicia del Estado de Sonora (FGJES) obtuvo la vinculaci\u00f3n a proceso de Luis Simitrio \u201cN\u201d, de 38 a\u00f1os, por su probable responsabilidad en el delito de allanamiento de morada, cometido en un campo agr\u00edcola del poblado Miguel Alem\u00e1n, en la Costa de Hermosillo. Los hechos [&hellip;]<\/p>\n","protected":false},"author":1,"featured_media":33230,"comment_status":"open","ping_status":"open","sticky":false,"template":"","format":"standard","meta":{"footnotes":""},"categories":[32],"tags":[],"class_list":["post-33229","post","type-post","status-publish","format-standard","has-post-thumbnail","hentry","category-policiaca"],"_links":{"self":[{"href":"https:\/\/elreporterodelacomunidad.com\/index.php\/wp-json\/wp\/v2\/posts\/33229","targetHints":{"allow":["GET"]}}],"collection":[{"href":"https:\/\/elreporterodelacomunidad.com\/index.php\/wp-json\/wp\/v2\/posts"}],"about":[{"href":"https:\/\/elreporterodelacomunidad.com\/index.php\/wp-json\/wp\/v2\/types\/post"}],"author":[{"embeddable":true,"href":"https:\/\/elreporterodelacomunidad.com\/index.php\/wp-json\/wp\/v2\/users\/1"}],"replies":[{"embeddable":true,"href":"https:\/\/elreporterodelacomunidad.com\/index.php\/wp-json\/wp\/v2\/comments?post=33229"}],"version-history":[{"count":1,"href":"https:\/\/elreporterodelacomunidad.com\/index.php\/wp-json\/wp\/v2\/posts\/33229\/revisions"}],"predecessor-version":[{"id":33231,"href":"https:\/\/elreporterodelacomunidad.com\/index.php\/wp-json\/wp\/v2\/posts\/33229\/revisions\/33231"}],"wp:featuredmedia":[{"embeddable":true,"href":"https:\/\/elreporterodelacomunidad.com\/index.php\/wp-json\/wp\/v2\/media\/33230"}],"wp:attachment":[{"href":"https:\/\/elreporterodelacomunidad.com\/index.php\/wp-json\/wp\/v2\/media?parent=33229"}],"wp:term":[{"taxonomy":"category","embeddable":true,"href":"https:\/\/elreporterodelacomunidad.com\/index.php\/wp-json\/wp\/v2\/categories?post=33229"},{"taxonomy":"post_tag","embeddable":true,"href":"https:\/\/elreporterodelacomunidad.com\/index.php\/wp-json\/wp\/v2\/tags?post=33229"}],"curies":[{"name":"wp","href":"https:\/\/api.w.org\/{rel}","templated":true}]}}