{"id":33223,"date":"2026-09-01T19:43:31","date_gmt":"2026-09-02T02:43:31","guid":{"rendered":"https:\/\/elreporterodelacomunidad.com\/?p=33223"},"modified":"2026-09-01T19:43:32","modified_gmt":"2026-09-02T02:43:32","slug":"invita-gobierno-de-hermosillo-a-la-quinta-edicion-del-presupuesto-creces","status":"publish","type":"post","link":"https:\/\/elreporterodelacomunidad.com\/index.php\/2026\/09\/01\/invita-gobierno-de-hermosillo-a-la-quinta-edicion-del-presupuesto-creces\/","title":{"rendered":"Invita Gobierno de Hermosillo a la quinta edici\u00f3n del Presupuesto CRECES"},"content":{"rendered":"\n<p class=\"wp-block-paragraph\">Este a\u00f1o las y los ciudadanos tendr\u00e1n una nueva oportunidad para impulsar obras de su inter\u00e9s para que sean puestas a votaci\u00f3n en noviembre pr\u00f3ximo.<\/p>\n\n\n\n<p class=\"wp-block-paragraph\">Hermosillo, Sonora; 1 de septiembre, 2026.- Por quinta ocasi\u00f3n las y los hermosillenses podr\u00e1n decidir las obras de beneficio comunitario en las que se invertir\u00e1n los 100 millones de pesos del Presupuesto Participativo CRECES, anunci\u00f3 Daniel Garc\u00eda Escalante.<\/p>\n\n\n\n<p class=\"wp-block-paragraph\">El funcionario en la administraci\u00f3n que encabeza el presidente municipal Antonio Astiazar\u00e1n Guti\u00e9rrez detall\u00f3 que a partir del 1 septiembre que arranca la convocatoria se activa el calendario de las diferentes fases del proceso con que se definir\u00e1n los proyectos ganadores, mismos que se anunciar\u00e1n el 30 de noviembre de 2026.<\/p>\n\n\n\n<p class=\"wp-block-paragraph\">Relat\u00f3 que en las 4 ediciones anteriores se llevan invertidos 280 millones de recurso municipal en la ejecuci\u00f3n de 267 obras en todo el territorio del municipio, en cuya elecci\u00f3n participaron con su voto 185 mil ciudadanas y ciudadanos.<\/p>\n\n\n\n<p class=\"wp-block-paragraph\">\u201cLo importante es que la persona, el comit\u00e9 o el grupo que ponga a disposici\u00f3n un proyecto que realmente haga campa\u00f1a para que ese proyecto pueda ganar, que les sigan a sus primos, t\u00edos conocidos, abuelas, abuelos, lo que sean, que voten por ese proyecto\u201d, coment\u00f3.<\/p>\n\n\n\n<p class=\"wp-block-paragraph\">Precis\u00f3 que del 1 de septiembre al 6 de octubre es el plazo para elaboraci\u00f3n de propuestas, y el personal de la Direcci\u00f3n de Participaci\u00f3n Ciudadana colaborar\u00e1 con los vecinos en las colonias organizando asambleas para informarles y asesorarlos sobre los criterios t\u00e9cnicos, financieros y jur\u00eddicos que deber\u00e1n considerar.<\/p>\n\n\n\n<p class=\"wp-block-paragraph\">Tambi\u00e9n est\u00e1 la opci\u00f3n de presentar proyectos a trav\u00e9s de la p\u00e1gina oficial <a href=\"https:\/\/presupuestocreces.hermosillo.gob.mx\/\">https:\/\/presupuestocreces.hermosillo.gob.mx\/<\/a>, que estar\u00e1 activa a partir del 2 de septiembre de 2026, en la cual se podr\u00e1 consultar informaci\u00f3n general y sobre fechas, ubicaci\u00f3n y lugar de las asambleas para quienes deseen asistir y tambien votar en l\u00ednea cuando corresponda.<\/p>\n\n\n\n<p class=\"wp-block-paragraph\">Revel\u00f3 que a la etapa de validaci\u00f3n de factibilidad t\u00e9cnica, jur\u00eddica, operativa y financiera de este a\u00f1o ser\u00e1 del 7 al 15 de octubre y las seleccionadas quienes las impulsan las podr\u00e1n socializar y promover a partir del 16 de octubre con miras a que se vote por ellas.<\/p>\n\n\n\n<p class=\"wp-block-paragraph\">La votaci\u00f3n en l\u00ednea y chatbot empieza el 2 de noviembre y concluye el 26 de noviembre, mientras que la votaci\u00f3n presencial en urnas electr\u00f3nicas ser\u00e1n los d\u00edas 17, 18, 19, 24, 25 y 26 de noviembre. En todos los casos la secci\u00f3n que aparece en la credencial del INE, conduce a los proyectos por los que corresponda votar, abund\u00f3.<\/p>\n\n\n\n<p class=\"wp-block-paragraph\">Mencion\u00f3 que ganar\u00e1 un proyecto por cada una de las 44 zonas en que est\u00e1 dividido el municipio.<\/p>\n","protected":false},"excerpt":{"rendered":"<p>Este a\u00f1o las y los ciudadanos tendr\u00e1n una nueva oportunidad para impulsar obras de su inter\u00e9s para que sean puestas a votaci\u00f3n en noviembre pr\u00f3ximo. Hermosillo, Sonora; 1 de septiembre, 2026.- Por quinta ocasi\u00f3n las y los hermosillenses podr\u00e1n decidir las obras de beneficio comunitario en las que se invertir\u00e1n los 100 millones de pesos [&hellip;]<\/p>\n","protected":false},"author":4,"featured_media":33224,"comment_status":"open","ping_status":"open","sticky":false,"template":"","format":"standard","meta":{"footnotes":""},"categories":[42],"tags":[],"class_list":["post-33223","post","type-post","status-publish","format-standard","has-post-thumbnail","hentry","category-economia"],"_links":{"self":[{"href":"https:\/\/elreporterodelacomunidad.com\/index.php\/wp-json\/wp\/v2\/posts\/33223","targetHints":{"allow":["GET"]}}],"collection":[{"href":"https:\/\/elreporterodelacomunidad.com\/index.php\/wp-json\/wp\/v2\/posts"}],"about":[{"href":"https:\/\/elreporterodelacomunidad.com\/index.php\/wp-json\/wp\/v2\/types\/post"}],"author":[{"embeddable":true,"href":"https:\/\/elreporterodelacomunidad.com\/index.php\/wp-json\/wp\/v2\/users\/4"}],"replies":[{"embeddable":true,"href":"https:\/\/elreporterodelacomunidad.com\/index.php\/wp-json\/wp\/v2\/comments?post=33223"}],"version-history":[{"count":1,"href":"https:\/\/elreporterodelacomunidad.com\/index.php\/wp-json\/wp\/v2\/posts\/33223\/revisions"}],"predecessor-version":[{"id":33225,"href":"https:\/\/elreporterodelacomunidad.com\/index.php\/wp-json\/wp\/v2\/posts\/33223\/revisions\/33225"}],"wp:featuredmedia":[{"embeddable":true,"href":"https:\/\/elreporterodelacomunidad.com\/index.php\/wp-json\/wp\/v2\/media\/33224"}],"wp:attachment":[{"href":"https:\/\/elreporterodelacomunidad.com\/index.php\/wp-json\/wp\/v2\/media?parent=33223"}],"wp:term":[{"taxonomy":"category","embeddable":true,"href":"https:\/\/elreporterodelacomunidad.com\/index.php\/wp-json\/wp\/v2\/categories?post=33223"},{"taxonomy":"post_tag","embeddable":true,"href":"https:\/\/elreporterodelacomunidad.com\/index.php\/wp-json\/wp\/v2\/tags?post=33223"}],"curies":[{"name":"wp","href":"https:\/\/api.w.org\/{rel}","templated":true}]}}