{"id":33220,"date":"2026-09-01T19:41:22","date_gmt":"2026-09-02T02:41:22","guid":{"rendered":"https:\/\/elreporterodelacomunidad.com\/?p=33220"},"modified":"2026-09-01T19:41:22","modified_gmt":"2026-09-02T02:41:22","slug":"encabeza-tono-astiazaran-ceremonia-civica-por-inicio-del-mes-patrio","status":"publish","type":"post","link":"https:\/\/elreporterodelacomunidad.com\/index.php\/2026\/09\/01\/encabeza-tono-astiazaran-ceremonia-civica-por-inicio-del-mes-patrio\/","title":{"rendered":"Encabeza To\u00f1o Astiazar\u00e1n ceremonia c\u00edvica por inicio del mes patrio"},"content":{"rendered":"\n<p class=\"wp-block-paragraph\">Junto a elementos de la Polic\u00eda Municipal, el presidente Antonio Astiazar\u00e1n particip\u00f3 en los honores e izamiento de la Bandera de M\u00e9xico, como parte de las actividades para fortalecer los valores c\u00edvicos durante septiembre.<\/p>\n\n\n\n<p class=\"wp-block-paragraph\">Hermosillo, Sonora; 1 de septiembre de 2026.- El presidente municipal Antonio Astiazar\u00e1n Guti\u00e9rrez encabez\u00f3 la ceremonia c\u00edvica con la que el Gobierno Municipal inici\u00f3 las actividades del mes patrio, mediante honores e izamiento de la Bandera de M\u00e9xico en la Comandancia Centro Zona 1 de la Polic\u00eda Municipal.<\/p>\n\n\n\n<p class=\"wp-block-paragraph\">Acompa\u00f1ado por Jes\u00fas Alonso Dur\u00f3n Monta\u00f1o, comisario general de la Jefatura de Polic\u00eda Preventiva y Tr\u00e1nsito Municipal; Luis Fernando Ram\u00edrez Salcido, comisario jefe de la Polic\u00eda Municipal, y autoridades, To\u00f1o Astiazar\u00e1n particip\u00f3 en los honores realizados por la corporaci\u00f3n.<\/p>\n\n\n\n<p class=\"wp-block-paragraph\">La ceremonia estuvo a cargo de la escolta y banda de guerra de la Polic\u00eda Municipal, como parte de las actividades para promover el respeto y honores a los s\u00edmbolos patrios durante septiembre, adem\u00e1s de fortalecer los valores c\u00edvicos entre quienes integran la corporaci\u00f3n.<\/p>\n\n\n\n<p class=\"wp-block-paragraph\">Jes\u00fas Alonso Dur\u00f3n Monta\u00f1o inform\u00f3 que los honores a la Bandera se realizar\u00e1n todos los lunes de septiembre en la Comandancia Centro Zona 1, con la participaci\u00f3n de mandos superiores, personal de l\u00ednea e invitados especiales.<\/p>\n\n\n\n<p class=\"wp-block-paragraph\">\u201cTodo el mes de septiembre, todos los lunes se rendir\u00e1n los homenajes a nuestro l\u00e1baro patrio en la comandancia zona centro. Como a\u00f1o con a\u00f1o lo hacemos, participamos mandos y personal de la corporaci\u00f3n, as\u00ed como invitados especiales. En esta ocasi\u00f3n nos acompa\u00f1\u00f3 nuestro presidente municipal, hoy en el primer d\u00eda del mes de septiembre. As\u00ed hasta que termine el mes vamos a estar cumpliendo con obligaci\u00f3n por instituci\u00f3n que tenemos para estar rindiendo estos homenajes\u201d, explic\u00f3 Dur\u00f3n Monta\u00f1o.<\/p>\n\n\n\n<p class=\"wp-block-paragraph\">Con estas ceremonias, el Gobierno Municipal encabezado por Antonio Astiazar\u00e1n Guti\u00e9rrez y la Polic\u00eda Municipal refrendan su compromiso con la promoci\u00f3n de los valores c\u00edvicos y el respeto a los s\u00edmbolos patrios durante el mes de septiembre.<\/p>\n","protected":false},"excerpt":{"rendered":"<p>Junto a elementos de la Polic\u00eda Municipal, el presidente Antonio Astiazar\u00e1n particip\u00f3 en los honores e izamiento de la Bandera de M\u00e9xico, como parte de las actividades para fortalecer los valores c\u00edvicos durante septiembre. Hermosillo, Sonora; 1 de septiembre de 2026.- El presidente municipal Antonio Astiazar\u00e1n Guti\u00e9rrez encabez\u00f3 la ceremonia c\u00edvica con la que el [&hellip;]<\/p>\n","protected":false},"author":4,"featured_media":33221,"comment_status":"open","ping_status":"open","sticky":false,"template":"","format":"standard","meta":{"footnotes":""},"categories":[34,26],"tags":[],"class_list":["post-33220","post","type-post","status-publish","format-standard","has-post-thumbnail","hentry","category-general","category-principal"],"_links":{"self":[{"href":"https:\/\/elreporterodelacomunidad.com\/index.php\/wp-json\/wp\/v2\/posts\/33220","targetHints":{"allow":["GET"]}}],"collection":[{"href":"https:\/\/elreporterodelacomunidad.com\/index.php\/wp-json\/wp\/v2\/posts"}],"about":[{"href":"https:\/\/elreporterodelacomunidad.com\/index.php\/wp-json\/wp\/v2\/types\/post"}],"author":[{"embeddable":true,"href":"https:\/\/elreporterodelacomunidad.com\/index.php\/wp-json\/wp\/v2\/users\/4"}],"replies":[{"embeddable":true,"href":"https:\/\/elreporterodelacomunidad.com\/index.php\/wp-json\/wp\/v2\/comments?post=33220"}],"version-history":[{"count":1,"href":"https:\/\/elreporterodelacomunidad.com\/index.php\/wp-json\/wp\/v2\/posts\/33220\/revisions"}],"predecessor-version":[{"id":33222,"href":"https:\/\/elreporterodelacomunidad.com\/index.php\/wp-json\/wp\/v2\/posts\/33220\/revisions\/33222"}],"wp:featuredmedia":[{"embeddable":true,"href":"https:\/\/elreporterodelacomunidad.com\/index.php\/wp-json\/wp\/v2\/media\/33221"}],"wp:attachment":[{"href":"https:\/\/elreporterodelacomunidad.com\/index.php\/wp-json\/wp\/v2\/media?parent=33220"}],"wp:term":[{"taxonomy":"category","embeddable":true,"href":"https:\/\/elreporterodelacomunidad.com\/index.php\/wp-json\/wp\/v2\/categories?post=33220"},{"taxonomy":"post_tag","embeddable":true,"href":"https:\/\/elreporterodelacomunidad.com\/index.php\/wp-json\/wp\/v2\/tags?post=33220"}],"curies":[{"name":"wp","href":"https:\/\/api.w.org\/{rel}","templated":true}]}}