{"id":33217,"date":"2026-09-01T19:40:05","date_gmt":"2026-09-02T02:40:05","guid":{"rendered":"https:\/\/elreporterodelacomunidad.com\/?p=33217"},"modified":"2026-09-01T19:40:05","modified_gmt":"2026-09-02T02:40:05","slug":"fortalece-hermosillo-sus-finanzas-y-alcanza-maxima-calificacion-crediticia","status":"publish","type":"post","link":"https:\/\/elreporterodelacomunidad.com\/index.php\/2026\/09\/01\/fortalece-hermosillo-sus-finanzas-y-alcanza-maxima-calificacion-crediticia\/","title":{"rendered":"Fortalece Hermosillo sus finanzas y alcanza m\u00e1xima calificaci\u00f3n crediticia"},"content":{"rendered":"\n<p class=\"wp-block-paragraph\">La administraci\u00f3n de Antonio Astiazar\u00e1n obtuvo una mejora en la calificaci\u00f3n crediticia del municipio y la m\u00e1xima evaluaci\u00f3n para dos cr\u00e9ditos, resultados que reflejan mayor recaudaci\u00f3n, menor endeudamiento y disciplina en el manejo de los recursos p\u00fablicos.<\/p>\n\n\n\n<p class=\"wp-block-paragraph\">Hermosillo, Sonora; 1 de septiembre de 2026. &#8211; El Gobierno de Hermosillo, encabezado por el presidente municipal Antonio Astiazar\u00e1n Guti\u00e9rrez, fortaleci\u00f3 sus finanzas al obtener mejores calificaciones crediticias de la agencia PCR Verum; el municipio avanz\u00f3 de A-\/M a A\/M en calidad crediticia y alcanz\u00f3 la m\u00e1xima calificaci\u00f3n AAA\/M en dos cr\u00e9ditos contratados con Banorte.<\/p>\n\n\n\n<p class=\"wp-block-paragraph\">La evaluaci\u00f3n, con perspectiva estable, reconoce el orden administrativo, la disciplina fiscal y el manejo eficiente de los recursos p\u00fablicos implementados por la administraci\u00f3n de To\u00f1o Astiazar\u00e1n, consolidando mayor fortaleza y estabilidad financiera para Hermosillo.<\/p>\n\n\n\n<p class=\"wp-block-paragraph\">El incremento en la calificaci\u00f3n de largo plazo responde principalmente al aumento de los ingresos propios, PCR Verum destac\u00f3 la s\u00f3lida recaudaci\u00f3n tributaria impulsada por estrategias como la digitalizaci\u00f3n de tr\u00e1mites, la actualizaci\u00f3n de valores catastrales y los est\u00edmulos para el pago del predial.<\/p>\n\n\n\n<p class=\"wp-block-paragraph\">Al cierre de junio de 2026, los ingresos propios representaron 54.8% de los ingresos totales, reflejando una mayor capacidad de recaudaci\u00f3n y una administraci\u00f3n responsable de los recursos, lo que permite al Ayuntamiento contar con finanzas m\u00e1s s\u00f3lidas para atender las necesidades de la ciudadan\u00eda.<\/p>\n\n\n\n<p class=\"wp-block-paragraph\">PCR Verum tambi\u00e9n destac\u00f3 la reducci\u00f3n del nivel de endeudamiento de Hermosillo, as\u00ed como el ahorro interno positivo registrado durante los \u00faltimos 12 meses, indicadores que fortalecen la viabilidad y flexibilidad de las finanzas municipales y respaldan una gesti\u00f3n responsable de los recursos p\u00fablicos.<\/p>\n\n\n\n<p class=\"wp-block-paragraph\">Esta fortaleza financiera se refleja en m\u00e1s obras para la ciudadan\u00eda, durante los primeros seis meses de 2026, la inversi\u00f3n en capital creci\u00f3 38.7% respecto al mismo periodo anterior, con recursos destinados a la pavimentaci\u00f3n y rehabilitaci\u00f3n de vialidades, adem\u00e1s del rescate de parques y jardines.<\/p>\n\n\n\n<p class=\"wp-block-paragraph\">Como parte de esta evaluaci\u00f3n positiva, PCR Verum elev\u00f3 a AAA\/M (e), su m\u00e1xima calificaci\u00f3n, dos cr\u00e9ditos contratados por el Ayuntamiento con Banorte, mientras que un cr\u00e9dito con Bans\u00ed mejor\u00f3 de AA-\/M (e) a AA\/M (e), resultados que respaldan la confianza en el manejo responsable de las finanzas municipales.<\/p>\n\n\n\n<p class=\"wp-block-paragraph\">La evaluaci\u00f3n tambi\u00e9n reconoci\u00f3 las acciones Ambientales, Sociales y de Gobernanza impulsadas en Hermosillo, como la Patrulla Verde, la incorporaci\u00f3n de unidades el\u00e9ctricas, los apoyos sociales en materia h\u00eddrica y las pr\u00e1cticas de transparencia, mientras el Ayuntamiento mantiene su Plan de Fortalecimiento Financiero para conservar finanzas sanas y mejorar los servicios p\u00fablicos.<\/p>\n","protected":false},"excerpt":{"rendered":"<p>La administraci\u00f3n de Antonio Astiazar\u00e1n obtuvo una mejora en la calificaci\u00f3n crediticia del municipio y la m\u00e1xima evaluaci\u00f3n para dos cr\u00e9ditos, resultados que reflejan mayor recaudaci\u00f3n, menor endeudamiento y disciplina en el manejo de los recursos p\u00fablicos. Hermosillo, Sonora; 1 de septiembre de 2026. &#8211; El Gobierno de Hermosillo, encabezado por el presidente municipal Antonio [&hellip;]<\/p>\n","protected":false},"author":4,"featured_media":33218,"comment_status":"open","ping_status":"open","sticky":false,"template":"","format":"standard","meta":{"footnotes":""},"categories":[42,1],"tags":[],"class_list":["post-33217","post","type-post","status-publish","format-standard","has-post-thumbnail","hentry","category-economia","category-sin-categoria"],"_links":{"self":[{"href":"https:\/\/elreporterodelacomunidad.com\/index.php\/wp-json\/wp\/v2\/posts\/33217","targetHints":{"allow":["GET"]}}],"collection":[{"href":"https:\/\/elreporterodelacomunidad.com\/index.php\/wp-json\/wp\/v2\/posts"}],"about":[{"href":"https:\/\/elreporterodelacomunidad.com\/index.php\/wp-json\/wp\/v2\/types\/post"}],"author":[{"embeddable":true,"href":"https:\/\/elreporterodelacomunidad.com\/index.php\/wp-json\/wp\/v2\/users\/4"}],"replies":[{"embeddable":true,"href":"https:\/\/elreporterodelacomunidad.com\/index.php\/wp-json\/wp\/v2\/comments?post=33217"}],"version-history":[{"count":1,"href":"https:\/\/elreporterodelacomunidad.com\/index.php\/wp-json\/wp\/v2\/posts\/33217\/revisions"}],"predecessor-version":[{"id":33219,"href":"https:\/\/elreporterodelacomunidad.com\/index.php\/wp-json\/wp\/v2\/posts\/33217\/revisions\/33219"}],"wp:featuredmedia":[{"embeddable":true,"href":"https:\/\/elreporterodelacomunidad.com\/index.php\/wp-json\/wp\/v2\/media\/33218"}],"wp:attachment":[{"href":"https:\/\/elreporterodelacomunidad.com\/index.php\/wp-json\/wp\/v2\/media?parent=33217"}],"wp:term":[{"taxonomy":"category","embeddable":true,"href":"https:\/\/elreporterodelacomunidad.com\/index.php\/wp-json\/wp\/v2\/categories?post=33217"},{"taxonomy":"post_tag","embeddable":true,"href":"https:\/\/elreporterodelacomunidad.com\/index.php\/wp-json\/wp\/v2\/tags?post=33217"}],"curies":[{"name":"wp","href":"https:\/\/api.w.org\/{rel}","templated":true}]}}