{"id":33214,"date":"2026-09-01T19:30:16","date_gmt":"2026-09-02T02:30:16","guid":{"rendered":"https:\/\/elreporterodelacomunidad.com\/?p=33214"},"modified":"2026-09-01T19:30:16","modified_gmt":"2026-09-02T02:30:16","slug":"con-presidenta-sheinbaum-la-transformacion-en-sonora-y-en-el-pais-da-resultados-mas-bienestar-y-seguridad-gobernador-durazo","status":"publish","type":"post","link":"https:\/\/elreporterodelacomunidad.com\/index.php\/2026\/09\/01\/con-presidenta-sheinbaum-la-transformacion-en-sonora-y-en-el-pais-da-resultados-mas-bienestar-y-seguridad-gobernador-durazo\/","title":{"rendered":"Con Presidenta Sheinbaum, la transformaci\u00f3n en Sonora y en el pa\u00eds da resultados; m\u00e1s bienestar y seguridad: Gobernador Durazo"},"content":{"rendered":"\n<p class=\"wp-block-paragraph\">El gobernador Alfonso Durazo Monta\u00f1o destac\u00f3 los avances hist\u00f3ricos en bienestar, educaci\u00f3n, salud, infraestructura, seguridad y justicia para los pueblos originarios al presenciar el Segundo Informe de Gobierno de la presidenta Sheinbaum<\/p>\n\n\n\n<p class=\"wp-block-paragraph\">Hermosillo, Sonora a 01 de septiembre de 2026.- La estrecha coordinaci\u00f3n entre el Gobierno de Sonora y de M\u00e9xico que encabeza la presidenta Claudia Sheinbaum Pardo, se traduce en resultados concretos para las familias sonorenses, mediante una pol\u00edtica p\u00fablica que coloca en el centro el bienestar, la justicia social y la atenci\u00f3n a quienes m\u00e1s lo requieren, asever\u00f3 el gobernador Alfonso Durazo Monta\u00f1o, en el marco de la presentaci\u00f3n del Segundo Informe de Gobierno de la presidenta de M\u00e9xico.<\/p>\n\n\n\n<p class=\"wp-block-paragraph\">Como parte de esta pol\u00edtica, m\u00e1s de 1 mill\u00f3n de personas fueron beneficiadas este a\u00f1o en Sonora con distintos programas sociales; 343 mil adultos mayores reciben actualmente la Pensi\u00f3n para el Bienestar, mientras que 85 mil mujeres cuentan con la Pensi\u00f3n Mujeres Bienestar; se apoya a 53 mil personas con discapacidad y a 99 mil estudiantes de educaci\u00f3n media superior.<\/p>\n\n\n\n<p class=\"wp-block-paragraph\">En materia social, 342 mil personas salieron de la pobreza, esto como reflejo de una pol\u00edtica que busca reducir las desigualdades y garantizar derechos sociales.<\/p>\n\n\n\n<p class=\"wp-block-paragraph\">El mandatario estatal destac\u00f3 los resultados de la Estrategia Nacional de Seguridad, en coordinaci\u00f3n con los tres \u00f3rdenes de gobierno, que han permitido reducir 62 por ciento los homicidios dolosos en la entidad. Mientras que a nivel nacional se ha logrado una reducci\u00f3n del 54 por ciento en la incidencia delictiva.<\/p>\n\n\n\n<p class=\"wp-block-paragraph\">\u201cReconocemos el liderazgo y compromiso de nuestra presidenta Claudia Sheinbaum, su respaldo y sus resultados se sienten en Sonora: m\u00e1s bienestar, m\u00e1s oportunidades y m\u00e1s desarrollo para nuestra gente. Seguiremos firmes, trabajando junto a nuestra presidenta para consolidar el segundo piso de la transformaci\u00f3n y llevar beneficios a cada rinc\u00f3n de Sonora\u201d, indic\u00f3.<\/p>\n\n\n\n<p class=\"wp-block-paragraph\">Gracias al respaldo de la presidenta Sheinbaum, en Sonora se otorgan becas universales, es decir, desde nivel preescolar hasta universidades con el apoyo de est\u00edmulos federales y estatales. Actualmente 138 mil estudiantes reciben la beca Rita Cetina, mientras que 148 mil cuentan con ayuda para \u00fatiles escolares.<\/p>\n\n\n\n<p class=\"wp-block-paragraph\">De igual manera, mil 300 escuelas reciben recursos del programa La Escuela es Nuestra, permitiendo que las propias comunidades participen en la mejora de los planteles educativos. Se incorporaron 675 nuevos espacios de bachillerato en Hermosillo y Cajeme, fortaleciendo la oferta educativa y generando alternativas para que m\u00e1s estudiantes puedan continuar su preparaci\u00f3n acad\u00e9mica.<\/p>\n\n\n\n<p class=\"wp-block-paragraph\">En materia de salud, destac\u00f3 la construcci\u00f3n de nuevos hospitales: el Hospital Comunitario V\u00edcam Switch y el Hospital General de Zona Dr. Ernesto Ramos Bours, en Hermosillo, el Hospital de Navojoa y San Luis R\u00edo Colorado, adem\u00e1s de la nueva Unidad de Medicina Familiar de Pitiquito\u2013Puerto Libertad.<\/p>\n\n\n\n<p class=\"wp-block-paragraph\">En vivienda, pr\u00f3ximamente se contempla la construcci\u00f3n de m\u00e1s de 65 mil Viviendas para el Bienestar, mientras que 225 mil cr\u00e9ditos considerados impagables han sido reestructurados, dando certeza y nuevas oportunidades a las familias para conservar su patrimonio.<\/p>\n\n\n\n<p class=\"wp-block-paragraph\">El gobernador Durazo resalt\u00f3 tambi\u00e9n la nueva carretera Bavispe\u2013Nuevo Casas Grandes, con una longitud de 67 kil\u00f3metros, como una obra estrat\u00e9gica que mejora la conectividad del estado y abre nuevas oportunidades para las comunidades del noreste de Sonora.<\/p>\n\n\n\n<p class=\"wp-block-paragraph\">Se destacaron tambi\u00e9n los resultados de los Planes de Justicia para los pueblos originarios, que para el Pueblo Yaqui acumulan una inversi\u00f3n cercana a los 18 mil 356 millones de pesos, destinados a bienestar, desarrollo, restituci\u00f3n de tierras, infraestructura, y servicios para mujeres, ni\u00f1as, ni\u00f1os, y j\u00f3venes.<\/p>\n\n\n\n<p class=\"wp-block-paragraph\">Para el Pueblo Seri\u2013Comca\u2019ac, se han invertido m\u00e1s de 244 millones de pesos en infraestructura b\u00e1sica y social, incluido el Acueducto Seri, para beneficiar a las comunidades de Punta Chueca y Desemboque.<\/p>\n\n\n\n<p class=\"wp-block-paragraph\">En el Pueblo Guarij\u00edo\u2013Makurawe, se realizaron obras de agua potable, electrificaci\u00f3n, caminos, puentes, energ\u00eda solar y vivienda, con acciones que representan cerca de 498 millones de pesos para fortalecer el bienestar, la identidad cultural y el desarrollo integral de sus comunidades.<\/p>\n\n\n\n<p class=\"wp-block-paragraph\">En el Pueblo Yoreme\u2013Mayo, m\u00e1s de 58 mil estudiantes recibieron becas y apoyos educativos como parte de las acciones del Plan de Justicia, mientras que alrededor de 176 parteras tradicionales y auxiliares de salud fueron beneficiados mediante acciones para fortalecer la atenci\u00f3n comunitaria.<\/p>\n\n\n\n<p class=\"wp-block-paragraph\">Como parte de la presentaci\u00f3n de resultados del segundo a\u00f1o de gestiones de la presidenta Sheinbaum, se destac\u00f3 que en 23 meses de grandes cambios se ha mostrado que M\u00e9xico es fuerte, con un gobierno que es parte del proyecto de la Cuarta Transformaci\u00f3n de la vida p\u00fablica.<\/p>\n","protected":false},"excerpt":{"rendered":"<p>El gobernador Alfonso Durazo Monta\u00f1o destac\u00f3 los avances hist\u00f3ricos en bienestar, educaci\u00f3n, salud, infraestructura, seguridad y justicia para los pueblos originarios al presenciar el Segundo Informe de Gobierno de la presidenta Sheinbaum Hermosillo, Sonora a 01 de septiembre de 2026.- La estrecha coordinaci\u00f3n entre el Gobierno de Sonora y de M\u00e9xico que encabeza la presidenta [&hellip;]<\/p>\n","protected":false},"author":4,"featured_media":33215,"comment_status":"open","ping_status":"open","sticky":false,"template":"","format":"standard","meta":{"footnotes":""},"categories":[28],"tags":[],"class_list":["post-33214","post","type-post","status-publish","format-standard","has-post-thumbnail","hentry","category-nacional"],"_links":{"self":[{"href":"https:\/\/elreporterodelacomunidad.com\/index.php\/wp-json\/wp\/v2\/posts\/33214","targetHints":{"allow":["GET"]}}],"collection":[{"href":"https:\/\/elreporterodelacomunidad.com\/index.php\/wp-json\/wp\/v2\/posts"}],"about":[{"href":"https:\/\/elreporterodelacomunidad.com\/index.php\/wp-json\/wp\/v2\/types\/post"}],"author":[{"embeddable":true,"href":"https:\/\/elreporterodelacomunidad.com\/index.php\/wp-json\/wp\/v2\/users\/4"}],"replies":[{"embeddable":true,"href":"https:\/\/elreporterodelacomunidad.com\/index.php\/wp-json\/wp\/v2\/comments?post=33214"}],"version-history":[{"count":1,"href":"https:\/\/elreporterodelacomunidad.com\/index.php\/wp-json\/wp\/v2\/posts\/33214\/revisions"}],"predecessor-version":[{"id":33216,"href":"https:\/\/elreporterodelacomunidad.com\/index.php\/wp-json\/wp\/v2\/posts\/33214\/revisions\/33216"}],"wp:featuredmedia":[{"embeddable":true,"href":"https:\/\/elreporterodelacomunidad.com\/index.php\/wp-json\/wp\/v2\/media\/33215"}],"wp:attachment":[{"href":"https:\/\/elreporterodelacomunidad.com\/index.php\/wp-json\/wp\/v2\/media?parent=33214"}],"wp:term":[{"taxonomy":"category","embeddable":true,"href":"https:\/\/elreporterodelacomunidad.com\/index.php\/wp-json\/wp\/v2\/categories?post=33214"},{"taxonomy":"post_tag","embeddable":true,"href":"https:\/\/elreporterodelacomunidad.com\/index.php\/wp-json\/wp\/v2\/tags?post=33214"}],"curies":[{"name":"wp","href":"https:\/\/api.w.org\/{rel}","templated":true}]}}