{"id":33210,"date":"2026-09-01T15:23:29","date_gmt":"2026-09-01T22:23:29","guid":{"rendered":"https:\/\/elreporterodelacomunidad.com\/?p=33210"},"modified":"2026-09-01T15:23:31","modified_gmt":"2026-09-01T22:23:31","slug":"pesistas-sonorenses-conquistan-19-metales-en-el-campeonato-nacional-de-primera-fuerza","status":"publish","type":"post","link":"https:\/\/elreporterodelacomunidad.com\/index.php\/2026\/09\/01\/pesistas-sonorenses-conquistan-19-metales-en-el-campeonato-nacional-de-primera-fuerza\/","title":{"rendered":"Pesistas sonorenses conquistan 19 metales en el Campeonato Nacional de Primera Fuerza"},"content":{"rendered":"\n<p class=\"wp-block-paragraph\">Los levantadores de nuestra entidad se combinaron para conseguir en la capital tabasque\u00f1a cinco oros, siete platas y otros siete bronces<\/p>\n\n\n\n<p class=\"wp-block-paragraph\">Hermosillo, Sonora a 01 de septiembre de 2026.- La delegaci\u00f3n sonorense de halterofilia que compiti\u00f3 en el Campeonato Nacional de Primera Fuerza, con sede en Villahermosa, Tabasco, conquist\u00f3 un total de 19 medallas: cinco oros, siete de plata y otras siete de bronce.<\/p>\n\n\n\n<p class=\"wp-block-paragraph\">La actuaci\u00f3n de Sonora la lideraron las seleccionadas nacionales y medallistas internacionales, Noem\u00ed Rodr\u00edguez (divisi\u00f3n de m\u00e1s de 87 kilogramos) y Naomi Montes (49), ya que ambas consiguieron tres medallas: dos de oro y una de color argento.<\/p>\n\n\n\n<p class=\"wp-block-paragraph\">Las dos levantadoras sonorenses ganaron sus preseas doradas en arranque y en total, mientras que las de plata fueron en la modalidad de envi\u00f3n: Rodr\u00edguez Lugo levant\u00f3 112 y 146 para 258, mientras que Montes Coronado contabiliz\u00f3 155 pues alz\u00f3 70 y 85, respectivamente.<\/p>\n\n\n\n<p class=\"wp-block-paragraph\">Por su parte Enrique Mart\u00ednez (divisi\u00f3n de 85) atrap\u00f3 un oro (envi\u00f3n con 175 kilos) y un bronce (total 305); Ihann Barreras (95) se llev\u00f3 tres plateadas (al levantar 157 y 190 para 347); y Karla Ortiz (69) agreg\u00f3 una de tonalidad argenta (envi\u00f3n 124) y una bronc\u00ednea (total 214).<\/p>\n\n\n\n<p class=\"wp-block-paragraph\">En tanto que Jos\u00e9 Eduardo Rubio (divisi\u00f3n de 85) obtuvo una de color argento (total 306) y par de metales bronc\u00edneos (arranque 140 y envi\u00f3n 166); Daphne Guill\u00e9n (divisi\u00f3n de 61) subi\u00f3 al p\u00f3dium por un par de bronces (envi\u00f3n 105 y total 190); y Derek Acosta (65) a\u00f1adi\u00f3 una de tercer puesto (arranque 120).<\/p>\n\n\n\n<p class=\"wp-block-paragraph\">El Campeonato Nacional de Primera Fuerza de Levantamiento de Pesas 2026 tuvo lugar en la capital tabasque\u00f1a con la presencia de los mejores halteristas de todo M\u00e9xico, el cual fue selectivo para el Mundial IWF a celebrarse en Ningbo, China, entre octubre y noviembre.<\/p>\n\n\n\n<p class=\"has-text-align-center wp-block-paragraph\"><img loading=\"lazy\" decoding=\"async\" width=\"500\" height=\"667\" class=\"wp-image-33212\" style=\"width: 500px;\" src=\"https:\/\/elreporterodelacomunidad.com\/wp-content\/uploads\/2026\/09\/1001208555.jpg\" alt=\"\" srcset=\"https:\/\/elreporterodelacomunidad.com\/wp-content\/uploads\/2026\/09\/1001208555.jpg 900w, https:\/\/elreporterodelacomunidad.com\/wp-content\/uploads\/2026\/09\/1001208555-225x300.jpg 225w, https:\/\/elreporterodelacomunidad.com\/wp-content\/uploads\/2026\/09\/1001208555-768x1024.jpg 768w, https:\/\/elreporterodelacomunidad.com\/wp-content\/uploads\/2026\/09\/1001208555-750x1000.jpg 750w\" sizes=\"auto, (max-width: 500px) 100vw, 500px\" \/><\/p>\n","protected":false},"excerpt":{"rendered":"<p>Los levantadores de nuestra entidad se combinaron para conseguir en la capital tabasque\u00f1a cinco oros, siete platas y otros siete bronces Hermosillo, Sonora a 01 de septiembre de 2026.- La delegaci\u00f3n sonorense de halterofilia que compiti\u00f3 en el Campeonato Nacional de Primera Fuerza, con sede en Villahermosa, Tabasco, conquist\u00f3 un total de 19 medallas: cinco [&hellip;]<\/p>\n","protected":false},"author":4,"featured_media":33211,"comment_status":"open","ping_status":"open","sticky":false,"template":"","format":"standard","meta":{"footnotes":""},"categories":[33],"tags":[],"class_list":["post-33210","post","type-post","status-publish","format-standard","has-post-thumbnail","hentry","category-deportes"],"_links":{"self":[{"href":"https:\/\/elreporterodelacomunidad.com\/index.php\/wp-json\/wp\/v2\/posts\/33210","targetHints":{"allow":["GET"]}}],"collection":[{"href":"https:\/\/elreporterodelacomunidad.com\/index.php\/wp-json\/wp\/v2\/posts"}],"about":[{"href":"https:\/\/elreporterodelacomunidad.com\/index.php\/wp-json\/wp\/v2\/types\/post"}],"author":[{"embeddable":true,"href":"https:\/\/elreporterodelacomunidad.com\/index.php\/wp-json\/wp\/v2\/users\/4"}],"replies":[{"embeddable":true,"href":"https:\/\/elreporterodelacomunidad.com\/index.php\/wp-json\/wp\/v2\/comments?post=33210"}],"version-history":[{"count":1,"href":"https:\/\/elreporterodelacomunidad.com\/index.php\/wp-json\/wp\/v2\/posts\/33210\/revisions"}],"predecessor-version":[{"id":33213,"href":"https:\/\/elreporterodelacomunidad.com\/index.php\/wp-json\/wp\/v2\/posts\/33210\/revisions\/33213"}],"wp:featuredmedia":[{"embeddable":true,"href":"https:\/\/elreporterodelacomunidad.com\/index.php\/wp-json\/wp\/v2\/media\/33211"}],"wp:attachment":[{"href":"https:\/\/elreporterodelacomunidad.com\/index.php\/wp-json\/wp\/v2\/media?parent=33210"}],"wp:term":[{"taxonomy":"category","embeddable":true,"href":"https:\/\/elreporterodelacomunidad.com\/index.php\/wp-json\/wp\/v2\/categories?post=33210"},{"taxonomy":"post_tag","embeddable":true,"href":"https:\/\/elreporterodelacomunidad.com\/index.php\/wp-json\/wp\/v2\/tags?post=33210"}],"curies":[{"name":"wp","href":"https:\/\/api.w.org\/{rel}","templated":true}]}}