{"id":33204,"date":"2026-08-31T18:49:32","date_gmt":"2026-09-01T01:49:32","guid":{"rendered":"https:\/\/elreporterodelacomunidad.com\/?p=33204"},"modified":"2026-08-31T18:49:33","modified_gmt":"2026-09-01T01:49:33","slug":"inicia-campana-septiembre-mes-del-testamento-en-sonora","status":"publish","type":"post","link":"https:\/\/elreporterodelacomunidad.com\/index.php\/2026\/08\/31\/inicia-campana-septiembre-mes-del-testamento-en-sonora\/","title":{"rendered":"Inicia campa\u00f1a \u201cSeptiembre, Mes del Testamento\u201d en Sonora"},"content":{"rendered":"\n<p class=\"wp-block-paragraph\">Buscan brindar certeza jur\u00eddica y patrimonial a las familias sonorenses.<\/p>\n\n\n\n<p class=\"wp-block-paragraph\">Hermosillo, Sonora; 31 de agosto de 2026.- Mediante la firma de un convenio entre la Direcci\u00f3n General de Notar\u00edas y el Colegio de Notarios del Estado de Sonora, en coordinaci\u00f3n con la Secretar\u00eda de Hacienda, arranc\u00f3 la campa\u00f1a &#8220;Septiembre, Mes del Testamento&#8221;, impulsada por el gobernador Alfonso Durazo Monta\u00f1o con el objetivo de facilitar a la ciudadan\u00eda el acceso a este tr\u00e1mite que representa seguridad jur\u00eddica y patrimonial para las familias y sus seres queridos.<\/p>\n\n\n\n<p class=\"wp-block-paragraph\">Durante la presentaci\u00f3n y arranque del programa, la directora general de Notar\u00edas Liza Auy\u00f3n Dom\u00ednguez, destac\u00f3 que esta campa\u00f1a tiene como finalidad fomentar la cultura testamentaria, facilitando a la ciudadan\u00eda el acceso a este tr\u00e1mite a bajo costo, evitando con ello futuros conflictos familiares y brindando tranquilidad y certeza legal.<\/p>\n\n\n\n<p class=\"wp-block-paragraph\">Por su parte, el presidente del Colegio de Notarios de Sonora Ren\u00e9 Francisco Luna Sugich, reiter\u00f3 el compromiso del notariado sonorense para sumarse a esta noble campa\u00f1a y acercar sus servicios a toda la poblaci\u00f3n. Mencion\u00f3 que se brindar\u00e1n todas las facilidades para que esta iniciativa tenga el mayor alcance posible en beneficio de las y los sonorenses.<\/p>\n\n\n\n<p class=\"wp-block-paragraph\">El programa estar\u00e1 vigente del 01 al 30 de septiembre en todas las Notar\u00edas P\u00fablicas del Estado de Sonora, con costos preferenciales.<\/p>\n\n\n\n<p class=\"wp-block-paragraph\">En el evento estuvieron presentes Edgar Hiram Sallard, sub secretario de Servicios de Gobierno; Paul Mc Callum Meraz, procurador fiscal de la Secretar\u00eda de Hacienda; Jes\u00fas Francisco Rodr\u00edguez Hern\u00e1ndez, director general de Servicios Registrales; Juan Carlos Holgu\u00edn Balderrama, director general de Bolet\u00edn Oficial y Archivo del Estado; y Ram\u00f3n Alejandro Acosta Cortez, secretario del Consejo Jur\u00eddico del Estado, as\u00ed como notarios de Sonora.<\/p>\n\n\n\n<p class=\"wp-block-paragraph\">Para mayor informaci\u00f3n, la ciudadan\u00eda puede acudir a la Direcci\u00f3n General de Notar\u00edas o consultar el portal oficial del Gobierno del Estado.<\/p>\n\n\n\n<p class=\"has-text-align-center wp-block-paragraph\"><img loading=\"lazy\" decoding=\"async\" width=\"500\" height=\"255\" class=\"wp-image-33206\" style=\"width: 500px;\" src=\"https:\/\/elreporterodelacomunidad.com\/wp-content\/uploads\/2026\/08\/03db8e44-f5e2-403c-b898-59b4715d649b-e1788227328826.jpg\" alt=\"\" srcset=\"https:\/\/elreporterodelacomunidad.com\/wp-content\/uploads\/2026\/08\/03db8e44-f5e2-403c-b898-59b4715d649b-e1788227328826.jpg 1600w, https:\/\/elreporterodelacomunidad.com\/wp-content\/uploads\/2026\/08\/03db8e44-f5e2-403c-b898-59b4715d649b-e1788227328826-300x153.jpg 300w, https:\/\/elreporterodelacomunidad.com\/wp-content\/uploads\/2026\/08\/03db8e44-f5e2-403c-b898-59b4715d649b-e1788227328826-1024x522.jpg 1024w, https:\/\/elreporterodelacomunidad.com\/wp-content\/uploads\/2026\/08\/03db8e44-f5e2-403c-b898-59b4715d649b-e1788227328826-768x392.jpg 768w, https:\/\/elreporterodelacomunidad.com\/wp-content\/uploads\/2026\/08\/03db8e44-f5e2-403c-b898-59b4715d649b-e1788227328826-1536x783.jpg 1536w, https:\/\/elreporterodelacomunidad.com\/wp-content\/uploads\/2026\/08\/03db8e44-f5e2-403c-b898-59b4715d649b-e1788227328826-750x383.jpg 750w, https:\/\/elreporterodelacomunidad.com\/wp-content\/uploads\/2026\/08\/03db8e44-f5e2-403c-b898-59b4715d649b-e1788227328826-1140x581.jpg 1140w\" sizes=\"auto, (max-width: 500px) 100vw, 500px\" \/><\/p>\n","protected":false},"excerpt":{"rendered":"<p>Buscan brindar certeza jur\u00eddica y patrimonial a las familias sonorenses. Hermosillo, Sonora; 31 de agosto de 2026.- Mediante la firma de un convenio entre la Direcci\u00f3n General de Notar\u00edas y el Colegio de Notarios del Estado de Sonora, en coordinaci\u00f3n con la Secretar\u00eda de Hacienda, arranc\u00f3 la campa\u00f1a &#8220;Septiembre, Mes del Testamento&#8221;, impulsada por el [&hellip;]<\/p>\n","protected":false},"author":4,"featured_media":33205,"comment_status":"open","ping_status":"open","sticky":false,"template":"","format":"standard","meta":{"footnotes":""},"categories":[42],"tags":[],"class_list":["post-33204","post","type-post","status-publish","format-standard","has-post-thumbnail","hentry","category-economia"],"_links":{"self":[{"href":"https:\/\/elreporterodelacomunidad.com\/index.php\/wp-json\/wp\/v2\/posts\/33204","targetHints":{"allow":["GET"]}}],"collection":[{"href":"https:\/\/elreporterodelacomunidad.com\/index.php\/wp-json\/wp\/v2\/posts"}],"about":[{"href":"https:\/\/elreporterodelacomunidad.com\/index.php\/wp-json\/wp\/v2\/types\/post"}],"author":[{"embeddable":true,"href":"https:\/\/elreporterodelacomunidad.com\/index.php\/wp-json\/wp\/v2\/users\/4"}],"replies":[{"embeddable":true,"href":"https:\/\/elreporterodelacomunidad.com\/index.php\/wp-json\/wp\/v2\/comments?post=33204"}],"version-history":[{"count":1,"href":"https:\/\/elreporterodelacomunidad.com\/index.php\/wp-json\/wp\/v2\/posts\/33204\/revisions"}],"predecessor-version":[{"id":33207,"href":"https:\/\/elreporterodelacomunidad.com\/index.php\/wp-json\/wp\/v2\/posts\/33204\/revisions\/33207"}],"wp:featuredmedia":[{"embeddable":true,"href":"https:\/\/elreporterodelacomunidad.com\/index.php\/wp-json\/wp\/v2\/media\/33205"}],"wp:attachment":[{"href":"https:\/\/elreporterodelacomunidad.com\/index.php\/wp-json\/wp\/v2\/media?parent=33204"}],"wp:term":[{"taxonomy":"category","embeddable":true,"href":"https:\/\/elreporterodelacomunidad.com\/index.php\/wp-json\/wp\/v2\/categories?post=33204"},{"taxonomy":"post_tag","embeddable":true,"href":"https:\/\/elreporterodelacomunidad.com\/index.php\/wp-json\/wp\/v2\/tags?post=33204"}],"curies":[{"name":"wp","href":"https:\/\/api.w.org\/{rel}","templated":true}]}}